{"id":38274,"date":"2023-03-22T13:33:57","date_gmt":"2023-03-22T19:33:57","guid":{"rendered":"https:\/\/encuentroinformativo.com.mx\/?p=38274"},"modified":"2023-03-22T13:34:01","modified_gmt":"2023-03-22T19:34:01","slug":"entrenador-deportivo-reclama-pago-de-becas-del-ivd","status":"publish","type":"post","link":"https:\/\/encuentroinformativo.com.mx\/?p=38274","title":{"rendered":"Entrenador deportivo reclama pago de becas del IVD"},"content":{"rendered":"\n<p><strong>Juan Arcos\/Israel Garc\u00eda <\/strong><\/p>\n\n\n\n<p>Xalapa, Ver.- Rub\u00e9n Arrieta es entrenador de atletas desde hace m\u00e1s de 50 a\u00f1os, pero durante esta administraci\u00f3n estatal el Instituto Veracruzano del Deporte (IVD) rasur\u00f3 su beca.<\/p>\n\n\n\n<p>El inconforme se\u00f1al\u00f3 que lleva tres a\u00f1os sin recibir recursos de sus becas. <\/p>\n\n\n\n<p>El deportista se manifest\u00f3 sobre Plaza Sebasti\u00e1n Lerdo de Tejada, para denunciar que durante el actual gobierno se ha perjudicado a los atletas veracruzanos.<\/p>\n\n\n\n<p>\u201cTambi\u00e9n fui portador de dos eventos nacionales aqu\u00ed en Xalapa donde fui el mejor atleta del estado con Murillo Vidal y L\u00f3pez Arias\u201d, record\u00f3.<\/p>\n\n\n\n<p>El se\u00f1or, de 73 a\u00f1os, se desempe\u00f1\u00f3 como entrenador de deporte convencional y 12 a\u00f1os como instructor del deporte adaptado, es decir, de personas con discapacidad.<\/p>\n\n\n\n<p>Rub\u00e9n Arrieta fue campe\u00f3n nacional en lanzamiento de jabalina y dos veces prendi\u00f3 el pebetero en el Estadio Xalape\u00f1o \u201cHeriberto Jara Corona\u201d como el mejor atleta del estado de Veracruz.<\/p>\n\n\n\n<p>Pese a sus buenos resultados como atleta, su beca baj\u00f3 de 17 mil a 6 mil 500 pesos, situaci\u00f3n que reclam\u00f3 a los directivos del Instituto Veracruzano del Deporte.<\/p>\n\n\n\n<p>Sin embargo, hace dos a\u00f1os, le cancelaron el apoyo econ\u00f3mico y \u00e9l contin\u00faa laborando como entrenador de atletismo y deporte adaptado.<\/p>\n\n\n\n<p>El entrenador tambi\u00e9n es presidente de la Asociaci\u00f3n de Par\u00e1lisis Cerebral y pidi\u00f3 una audiencia con el gobernador Cuitl\u00e1huac Garc\u00eda Jim\u00e9nez para solicitarle que se pague lo justo a los deportistas en Veracruz por concepto de becas.<\/p>\n\n\n\n<p>Finalmente acus\u00f3 que ha sostenido reuniones con el titular de la direcci\u00f3n del deporte Jos\u00e9 Alberto Nava y nada m\u00e1s le dice &#8220;vamos a ver y vamos a ver&#8221;.<\/p>\n\n\n\n<figure class=\"wp-block-image size-large\"><img loading=\"lazy\" decoding=\"async\" width=\"1024\" height=\"768\" src=\"https:\/\/encuentroinformativo.com.mx\/wp-content\/uploads\/2023\/03\/IMG_7483-1024x768.jpg\" alt=\"\" class=\"wp-image-38276\" srcset=\"https:\/\/encuentroinformativo.com.mx\/wp-content\/uploads\/2023\/03\/IMG_7483-1024x768.jpg 1024w, https:\/\/encuentroinformativo.com.mx\/wp-content\/uploads\/2023\/03\/IMG_7483-300x225.jpg 300w, https:\/\/encuentroinformativo.com.mx\/wp-content\/uploads\/2023\/03\/IMG_7483-768x576.jpg 768w, https:\/\/encuentroinformativo.com.mx\/wp-content\/uploads\/2023\/03\/IMG_7483-1536x1152.jpg 1536w, https:\/\/encuentroinformativo.com.mx\/wp-content\/uploads\/2023\/03\/IMG_7483.jpg 2016w\" sizes=\"auto, (max-width: 1024px) 100vw, 1024px\" \/><\/figure>\n","protected":false},"excerpt":{"rendered":"<p>Juan Arcos\/Israel Garc\u00eda Xalapa, Ver.- Rub\u00e9n Arrieta es entrenador de atletas desde hace m\u00e1s de 50 a\u00f1os, pero durante esta administraci\u00f3n estatal el Instituto Veracruzano del Deporte (IVD) rasur\u00f3 su beca. El inconforme se\u00f1al\u00f3 que lleva tres a\u00f1os sin recibir recursos de sus becas. El deportista se manifest\u00f3 sobre Plaza Sebasti\u00e1n Lerdo de Tejada, para [&hellip;]<\/p>\n","protected":false},"author":2476,"featured_media":38275,"comment_status":"open","ping_status":"open","sticky":false,"template":"","format":"standard","meta":{"_jetpack_memberships_contains_paid_content":false,"footnotes":""},"categories":[3],"tags":[],"class_list":["post-38274","post","type-post","status-publish","format-standard","has-post-thumbnail","hentry","category-xalapa"],"jetpack_featured_media_url":"https:\/\/encuentroinformativo.com.mx\/wp-content\/uploads\/2023\/03\/Photo_1679513226800.jpg","jetpack_sharing_enabled":true,"jetpack_likes_enabled":true,"amp_enabled":true,"_links":{"self":[{"href":"https:\/\/encuentroinformativo.com.mx\/index.php?rest_route=\/wp\/v2\/posts\/38274","targetHints":{"allow":["GET"]}}],"collection":[{"href":"https:\/\/encuentroinformativo.com.mx\/index.php?rest_route=\/wp\/v2\/posts"}],"about":[{"href":"https:\/\/encuentroinformativo.com.mx\/index.php?rest_route=\/wp\/v2\/types\/post"}],"author":[{"embeddable":true,"href":"https:\/\/encuentroinformativo.com.mx\/index.php?rest_route=\/wp\/v2\/users\/2476"}],"replies":[{"embeddable":true,"href":"https:\/\/encuentroinformativo.com.mx\/index.php?rest_route=%2Fwp%2Fv2%2Fcomments&post=38274"}],"version-history":[{"count":1,"href":"https:\/\/encuentroinformativo.com.mx\/index.php?rest_route=\/wp\/v2\/posts\/38274\/revisions"}],"predecessor-version":[{"id":38277,"href":"https:\/\/encuentroinformativo.com.mx\/index.php?rest_route=\/wp\/v2\/posts\/38274\/revisions\/38277"}],"wp:featuredmedia":[{"embeddable":true,"href":"https:\/\/encuentroinformativo.com.mx\/index.php?rest_route=\/wp\/v2\/media\/38275"}],"wp:attachment":[{"href":"https:\/\/encuentroinformativo.com.mx\/index.php?rest_route=%2Fwp%2Fv2%2Fmedia&parent=38274"}],"wp:term":[{"taxonomy":"category","embeddable":true,"href":"https:\/\/encuentroinformativo.com.mx\/index.php?rest_route=%2Fwp%2Fv2%2Fcategories&post=38274"},{"taxonomy":"post_tag","embeddable":true,"href":"https:\/\/encuentroinformativo.com.mx\/index.php?rest_route=%2Fwp%2Fv2%2Ftags&post=38274"}],"curies":[{"name":"wp","href":"https:\/\/api.w.org\/{rel}","templated":true}]}}