{"id":38278,"date":"2023-03-22T19:30:04","date_gmt":"2023-03-23T01:30:04","guid":{"rendered":"https:\/\/encuentroinformativo.com.mx\/?p=38278"},"modified":"2023-03-22T19:30:07","modified_gmt":"2023-03-23T01:30:07","slug":"ambientalistas-marchan-por-el-agua","status":"publish","type":"post","link":"https:\/\/encuentroinformativo.com.mx\/?p=38278","title":{"rendered":"Ambientalistas marchan por el agua"},"content":{"rendered":"\n<p><strong>Juan Arcos <\/strong><\/p>\n\n\n\n<p>Xalapa, Ver.- Decenas de ambientalistas marcharon en esta ciudad de Xalapa durante este 22 de marzo, en el D\u00eda Mundial del Agua, para alzar la voz en defensa del territorio ante los \u201cmegaproyectos de muerte\u201d.<\/p>\n\n\n\n<p>Los defensores de la naturaleza se concentraron en el parque \u201cLos Tecajetes\u201d y despu\u00e9s caminaron sobre la avenida Manuel \u00c1vila Camacho, con direcci\u00f3n a Palacio de Gobierno.<\/p>\n\n\n\n<p>\u201cEl agua no se vende, el agua se defiende\u201d, gritaban una y otra vez durante esta colorida movilizaci\u00f3n, donde los participantes portaban figuras de papel que representaban animales acu\u00e1ticos y lonas color azul que simbolizaban a los r\u00edos y mares.<\/p>\n\n\n\n<p>Las personas cantaban y bailaban al ritmo del Son Jarocho, con jaranas, panderos y otros instrumentos, mientras avanzaban sobre las calles de la zona centro de la capital veracruzana.<\/p>\n\n\n\n<p>Despu\u00e9s se plantaron sobre Plaza Sebasti\u00e1n Lerdo de Tejada, donde colocaron un tendedero con diversos mensajes sobre la importancia de defender el agua y llevaron a cabo representaciones teatrales para sensibilizar a la poblaci\u00f3n sobre el tema.<\/p>\n\n\n\n<p>Colocaron una figura de cart\u00f3n de un hombre que representaba a un banquero, en cuyo cuerpo se observan mensajes contra los proyectos de miner\u00eda a cielo abierto, presas hidroel\u00e9ctricas y otros megaproyectos.<\/p>\n\n\n\n<p>\u201cLas leyes proh\u00edben secar un r\u00edo o contaminarlo, eso justamente hace Xalapa y nadie parece detenerlo\u201d, se le\u00eda en algunas de sus pancartas.<\/p>\n\n\n\n<p>En su discurso, indicaron de forma an\u00f3nima que todos los r\u00edos que pasan por la zona metropolitana de Xalapa est\u00e1n contaminados con materia fecal y sustancias qu\u00edmicas.<\/p>\n\n\n\n<p>\u201cLa mayor\u00eda a niveles de riesgo para la poblaci\u00f3n, la contaminaci\u00f3n baja por toda la cuenca, afectando la salud de la vida acu\u00e1tica, terrestre y humana, a lo largo de lugares como Carrizal, Jalcomulco y La Antigua, que termina por impactar en la vida, en la costa\u201d, expresaron.<\/p>\n\n\n\n<p>Tambi\u00e9n criticaron que \u201cDios da el agua y la Comisi\u00f3n de Agua y Saneamiento de Xalapa (CMAS) la desperdicia\u201d, pues durante los \u00faltimos a\u00f1os dicho organismo ha exhibido su incapacidad operativa.<\/p>\n\n\n\n<figure class=\"wp-block-image size-large\"><img loading=\"lazy\" decoding=\"async\" width=\"1024\" height=\"768\" src=\"https:\/\/encuentroinformativo.com.mx\/wp-content\/uploads\/2023\/03\/IMG_7594-1024x768.jpg\" alt=\"\" class=\"wp-image-38280\" srcset=\"https:\/\/encuentroinformativo.com.mx\/wp-content\/uploads\/2023\/03\/IMG_7594-1024x768.jpg 1024w, https:\/\/encuentroinformativo.com.mx\/wp-content\/uploads\/2023\/03\/IMG_7594-300x225.jpg 300w, https:\/\/encuentroinformativo.com.mx\/wp-content\/uploads\/2023\/03\/IMG_7594-768x576.jpg 768w, https:\/\/encuentroinformativo.com.mx\/wp-content\/uploads\/2023\/03\/IMG_7594-1536x1152.jpg 1536w, https:\/\/encuentroinformativo.com.mx\/wp-content\/uploads\/2023\/03\/IMG_7594.jpg 2016w\" sizes=\"auto, (max-width: 1024px) 100vw, 1024px\" \/><\/figure>\n","protected":false},"excerpt":{"rendered":"<p>Juan Arcos Xalapa, Ver.- Decenas de ambientalistas marcharon en esta ciudad de Xalapa durante este 22 de marzo, en el D\u00eda Mundial del Agua, para alzar la voz en defensa del territorio ante los \u201cmegaproyectos de muerte\u201d. Los defensores de la naturaleza se concentraron en el parque \u201cLos Tecajetes\u201d y despu\u00e9s caminaron sobre la avenida [&hellip;]<\/p>\n","protected":false},"author":2476,"featured_media":38279,"comment_status":"open","ping_status":"open","sticky":false,"template":"","format":"standard","meta":{"_jetpack_memberships_contains_paid_content":false,"footnotes":""},"categories":[3],"tags":[],"class_list":["post-38278","post","type-post","status-publish","format-standard","has-post-thumbnail","hentry","category-xalapa"],"jetpack_featured_media_url":"https:\/\/encuentroinformativo.com.mx\/wp-content\/uploads\/2023\/03\/IMG_7545.jpg","jetpack_sharing_enabled":true,"jetpack_likes_enabled":true,"amp_enabled":true,"_links":{"self":[{"href":"https:\/\/encuentroinformativo.com.mx\/index.php?rest_route=\/wp\/v2\/posts\/38278","targetHints":{"allow":["GET"]}}],"collection":[{"href":"https:\/\/encuentroinformativo.com.mx\/index.php?rest_route=\/wp\/v2\/posts"}],"about":[{"href":"https:\/\/encuentroinformativo.com.mx\/index.php?rest_route=\/wp\/v2\/types\/post"}],"author":[{"embeddable":true,"href":"https:\/\/encuentroinformativo.com.mx\/index.php?rest_route=\/wp\/v2\/users\/2476"}],"replies":[{"embeddable":true,"href":"https:\/\/encuentroinformativo.com.mx\/index.php?rest_route=%2Fwp%2Fv2%2Fcomments&post=38278"}],"version-history":[{"count":1,"href":"https:\/\/encuentroinformativo.com.mx\/index.php?rest_route=\/wp\/v2\/posts\/38278\/revisions"}],"predecessor-version":[{"id":38281,"href":"https:\/\/encuentroinformativo.com.mx\/index.php?rest_route=\/wp\/v2\/posts\/38278\/revisions\/38281"}],"wp:featuredmedia":[{"embeddable":true,"href":"https:\/\/encuentroinformativo.com.mx\/index.php?rest_route=\/wp\/v2\/media\/38279"}],"wp:attachment":[{"href":"https:\/\/encuentroinformativo.com.mx\/index.php?rest_route=%2Fwp%2Fv2%2Fmedia&parent=38278"}],"wp:term":[{"taxonomy":"category","embeddable":true,"href":"https:\/\/encuentroinformativo.com.mx\/index.php?rest_route=%2Fwp%2Fv2%2Fcategories&post=38278"},{"taxonomy":"post_tag","embeddable":true,"href":"https:\/\/encuentroinformativo.com.mx\/index.php?rest_route=%2Fwp%2Fv2%2Ftags&post=38278"}],"curies":[{"name":"wp","href":"https:\/\/api.w.org\/{rel}","templated":true}]}}