{"id":38282,"date":"2023-03-22T19:35:41","date_gmt":"2023-03-23T01:35:41","guid":{"rendered":"https:\/\/encuentroinformativo.com.mx\/?p=38282"},"modified":"2023-03-22T19:35:45","modified_gmt":"2023-03-23T01:35:45","slug":"celebran-delimitacion-del-rio-pixquiac","status":"publish","type":"post","link":"https:\/\/encuentroinformativo.com.mx\/?p=38282","title":{"rendered":"Celebran delimitaci\u00f3n del R\u00edo Pixquiac"},"content":{"rendered":"\n<p><strong>Juan Arcos <\/strong><\/p>\n\n\n\n<p>Xalapa, Ver.- Ambientalistas lograron que la Comisi\u00f3n Nacional del Agua (Conagua) implemente un proyecto para la delimitaci\u00f3n de la zona federal del r\u00edo Pixquiac, con el fin de garantizar su protecci\u00f3n y cuidado.<\/p>\n\n\n\n<p>La Asociaci\u00f3n de Vecinos del Pixquiac-Zoncuantla celebraron el D\u00eda Mundial del Agua este mi\u00e9rcoles 22 de marzo, dando a conocer su logro en conjunto con la Conagua.<\/p>\n\n\n\n<p>\u201cCelebramos un proyecto conjunto de delimitaci\u00f3n de la zona federal del r\u00edo para protecci\u00f3n y cuidado de la misma\u201d, expresaron.<\/p>\n\n\n\n<p>Los activistas se concentraron a orilla del r\u00edo Pixquiac, donde han encabezado un movimiento en defensa del afluente y del entorno ecol\u00f3gico.<\/p>\n\n\n\n<p>En la zona del r\u00edo ser\u00edan colocados carteles por la asociaci\u00f3n mencionada, sobre todo en los l\u00edmites del arroyo junto con las mojoneras que delimitan la zona federal en los terrenos de vecinos que han accedido a marcar est\u00e1 importante zona riparia.<\/p>\n\n\n\n<p>Cabe recordar que la mojonera es una peque\u00f1a estructura de concreto que sirve como punto de referencia durante un levantamiento topogr\u00e1fico.<\/p>\n\n\n\n<p>Mientras que el top\u00f3grafo es quien la coloca para que a partir de ah\u00ed localice las coordenadas y delimite el terreno.<\/p>\n\n\n\n<p>La zona riparia es una zona tridimensional de interacci\u00f3n directa entre ecosistemas acu\u00e1ticos y terrestres.<\/p>\n","protected":false},"excerpt":{"rendered":"<p>Juan Arcos Xalapa, Ver.- Ambientalistas lograron que la Comisi\u00f3n Nacional del Agua (Conagua) implemente un proyecto para la delimitaci\u00f3n de la zona federal del r\u00edo Pixquiac, con el fin de garantizar su protecci\u00f3n y cuidado. La Asociaci\u00f3n de Vecinos del Pixquiac-Zoncuantla celebraron el D\u00eda Mundial del Agua este mi\u00e9rcoles 22 de marzo, dando a conocer [&hellip;]<\/p>\n","protected":false},"author":2476,"featured_media":38283,"comment_status":"open","ping_status":"open","sticky":false,"template":"","format":"standard","meta":{"_jetpack_memberships_contains_paid_content":false,"footnotes":""},"categories":[2],"tags":[],"class_list":["post-38282","post","type-post","status-publish","format-standard","has-post-thumbnail","hentry","category-estado"],"jetpack_featured_media_url":"https:\/\/encuentroinformativo.com.mx\/wp-content\/uploads\/2023\/03\/IMG_9945.jpg","jetpack_sharing_enabled":true,"jetpack_likes_enabled":true,"amp_enabled":true,"_links":{"self":[{"href":"https:\/\/encuentroinformativo.com.mx\/index.php?rest_route=\/wp\/v2\/posts\/38282","targetHints":{"allow":["GET"]}}],"collection":[{"href":"https:\/\/encuentroinformativo.com.mx\/index.php?rest_route=\/wp\/v2\/posts"}],"about":[{"href":"https:\/\/encuentroinformativo.com.mx\/index.php?rest_route=\/wp\/v2\/types\/post"}],"author":[{"embeddable":true,"href":"https:\/\/encuentroinformativo.com.mx\/index.php?rest_route=\/wp\/v2\/users\/2476"}],"replies":[{"embeddable":true,"href":"https:\/\/encuentroinformativo.com.mx\/index.php?rest_route=%2Fwp%2Fv2%2Fcomments&post=38282"}],"version-history":[{"count":1,"href":"https:\/\/encuentroinformativo.com.mx\/index.php?rest_route=\/wp\/v2\/posts\/38282\/revisions"}],"predecessor-version":[{"id":38284,"href":"https:\/\/encuentroinformativo.com.mx\/index.php?rest_route=\/wp\/v2\/posts\/38282\/revisions\/38284"}],"wp:featuredmedia":[{"embeddable":true,"href":"https:\/\/encuentroinformativo.com.mx\/index.php?rest_route=\/wp\/v2\/media\/38283"}],"wp:attachment":[{"href":"https:\/\/encuentroinformativo.com.mx\/index.php?rest_route=%2Fwp%2Fv2%2Fmedia&parent=38282"}],"wp:term":[{"taxonomy":"category","embeddable":true,"href":"https:\/\/encuentroinformativo.com.mx\/index.php?rest_route=%2Fwp%2Fv2%2Fcategories&post=38282"},{"taxonomy":"post_tag","embeddable":true,"href":"https:\/\/encuentroinformativo.com.mx\/index.php?rest_route=%2Fwp%2Fv2%2Ftags&post=38282"}],"curies":[{"name":"wp","href":"https:\/\/api.w.org\/{rel}","templated":true}]}}