{"id":38296,"date":"2023-03-23T09:54:54","date_gmt":"2023-03-23T15:54:54","guid":{"rendered":"https:\/\/encuentroinformativo.com.mx\/?p=38296"},"modified":"2023-03-23T09:54:58","modified_gmt":"2023-03-23T15:54:58","slug":"dos-anos-sin-maestro-en-primaria-de-alvarado-padres-se-manifiestan","status":"publish","type":"post","link":"https:\/\/encuentroinformativo.com.mx\/?p=38296","title":{"rendered":"Dos a\u00f1os sin maestro en primaria de Alvarado, padres se manifiestan"},"content":{"rendered":"\n<p><strong>Alejandro \u00c1vila<\/strong><\/p>\n\n\n\n<p>Alvarado, Ver.- Padres de familia y alumnos de la escuela primaria Francisco I. Madero en la localidad de El Zapote del municipio de Alvarado, se manifestaron la ma\u00f1ana de este jueves debido a la falta de un docente desde hace dos a\u00f1os.<\/p>\n\n\n\n<p>Son aproximadamente 20 alumnos que desde el ciclo escolar pasado no cuentan con sus clases de manera regular y al avanzar de grado presentan un rezago educativo.<\/p>\n\n\n\n<p>&#8220;Desde hace varios meses no se cuenta con un maestro y estamos pidiendo el apoyo para que se reponga, porque m\u00e1s que nada se lo llevaron (\u2026) desde hace dos a\u00f1os (\u2026) de un grupo en espec\u00edfico, cuarto a\u00f1o (\u2026) que se brinde el apoyo, que nos apoyen a que se reponga ese maestro, porque qui\u00e9nes son perjudicados son los ni\u00f1os, el futuro de ma\u00f1ana&#8221;, mencion\u00f3 Alejandro Rom\u00e1n Garc\u00eda, sub agente municipal de la localidad El Zapote.<\/p>\n\n\n\n<p>En ocasiones la directora del plantel educativo, Mar\u00eda Esther Gonz\u00e1lez Luna es quien les da clases, aunque debido a que tiene que cumplir con otras funciones administrativas&nbsp; solo puede apoyar al grupo dos o tres veces a la semana.<\/p>\n\n\n\n<p>La directora de la escuela Francisco I. Madero se\u00f1al\u00f3 que han estado en constante solicitud de apoyo a la Supervisi\u00f3n Escolar de Alvarado, sin embargo, han hecho caso omiso de sus peticiones, por lo cual pide el apoyo del secretario de Educaci\u00f3n, Zenyazen Escobar Garc\u00eda.<\/p>\n\n\n\n<figure class=\"wp-block-image size-large\"><img loading=\"lazy\" decoding=\"async\" width=\"1024\" height=\"576\" src=\"https:\/\/encuentroinformativo.com.mx\/wp-content\/uploads\/2023\/03\/IMG-20230323-WA0004-1024x576.jpg\" alt=\"\" class=\"wp-image-38298\" srcset=\"https:\/\/encuentroinformativo.com.mx\/wp-content\/uploads\/2023\/03\/IMG-20230323-WA0004-1024x576.jpg 1024w, https:\/\/encuentroinformativo.com.mx\/wp-content\/uploads\/2023\/03\/IMG-20230323-WA0004-300x169.jpg 300w, https:\/\/encuentroinformativo.com.mx\/wp-content\/uploads\/2023\/03\/IMG-20230323-WA0004-768x432.jpg 768w, https:\/\/encuentroinformativo.com.mx\/wp-content\/uploads\/2023\/03\/IMG-20230323-WA0004.jpg 1152w\" sizes=\"auto, (max-width: 1024px) 100vw, 1024px\" \/><\/figure>\n","protected":false},"excerpt":{"rendered":"<p>Alejandro \u00c1vila Alvarado, Ver.- Padres de familia y alumnos de la escuela primaria Francisco I. Madero en la localidad de El Zapote del municipio de Alvarado, se manifestaron la ma\u00f1ana de este jueves debido a la falta de un docente desde hace dos a\u00f1os. Son aproximadamente 20 alumnos que desde el ciclo escolar pasado no [&hellip;]<\/p>\n","protected":false},"author":2476,"featured_media":38297,"comment_status":"open","ping_status":"open","sticky":false,"template":"","format":"standard","meta":{"_jetpack_memberships_contains_paid_content":false,"footnotes":""},"categories":[2],"tags":[],"class_list":["post-38296","post","type-post","status-publish","format-standard","has-post-thumbnail","hentry","category-estado"],"jetpack_featured_media_url":"https:\/\/encuentroinformativo.com.mx\/wp-content\/uploads\/2023\/03\/IMG-20230323-WA0005.jpg","jetpack_sharing_enabled":true,"jetpack_likes_enabled":true,"amp_enabled":true,"_links":{"self":[{"href":"https:\/\/encuentroinformativo.com.mx\/index.php?rest_route=\/wp\/v2\/posts\/38296","targetHints":{"allow":["GET"]}}],"collection":[{"href":"https:\/\/encuentroinformativo.com.mx\/index.php?rest_route=\/wp\/v2\/posts"}],"about":[{"href":"https:\/\/encuentroinformativo.com.mx\/index.php?rest_route=\/wp\/v2\/types\/post"}],"author":[{"embeddable":true,"href":"https:\/\/encuentroinformativo.com.mx\/index.php?rest_route=\/wp\/v2\/users\/2476"}],"replies":[{"embeddable":true,"href":"https:\/\/encuentroinformativo.com.mx\/index.php?rest_route=%2Fwp%2Fv2%2Fcomments&post=38296"}],"version-history":[{"count":1,"href":"https:\/\/encuentroinformativo.com.mx\/index.php?rest_route=\/wp\/v2\/posts\/38296\/revisions"}],"predecessor-version":[{"id":38299,"href":"https:\/\/encuentroinformativo.com.mx\/index.php?rest_route=\/wp\/v2\/posts\/38296\/revisions\/38299"}],"wp:featuredmedia":[{"embeddable":true,"href":"https:\/\/encuentroinformativo.com.mx\/index.php?rest_route=\/wp\/v2\/media\/38297"}],"wp:attachment":[{"href":"https:\/\/encuentroinformativo.com.mx\/index.php?rest_route=%2Fwp%2Fv2%2Fmedia&parent=38296"}],"wp:term":[{"taxonomy":"category","embeddable":true,"href":"https:\/\/encuentroinformativo.com.mx\/index.php?rest_route=%2Fwp%2Fv2%2Fcategories&post=38296"},{"taxonomy":"post_tag","embeddable":true,"href":"https:\/\/encuentroinformativo.com.mx\/index.php?rest_route=%2Fwp%2Fv2%2Ftags&post=38296"}],"curies":[{"name":"wp","href":"https:\/\/api.w.org\/{rel}","templated":true}]}}