{"id":38300,"date":"2023-03-23T10:02:08","date_gmt":"2023-03-23T16:02:08","guid":{"rendered":"https:\/\/encuentroinformativo.com.mx\/?p=38300"},"modified":"2023-03-24T10:07:54","modified_gmt":"2023-03-24T16:07:54","slug":"cierre-de-bulevard-xalapa-coatepec-colapso-trafico-vial","status":"publish","type":"post","link":"https:\/\/encuentroinformativo.com.mx\/?p=38300","title":{"rendered":"Cierre de bulevard Xalapa-Coatepec colaps\u00f3 tr\u00e1fico vial"},"content":{"rendered":"\n<p><strong>Juan Arcos <\/strong><\/p>\n\n\n\n<p>Coatepec, Ver.- El cierre del bulevar Xalapa-Coatepec, con direcci\u00f3n a la capital del estado, desat\u00f3 el caos vial en la regi\u00f3n, colapsando las v\u00edas alternas que comunican a ambos municipios.<\/p>\n\n\n\n<p>Las largas filas de veh\u00edculos se observaron a la salida del Pueblo M\u00e1gico y sobre la carretera antigua a Coatepec, en la zona de Briones, as\u00ed como la carretera Coatepec-Las Trancas.<\/p>\n\n\n\n<p>La carretera fue cerrada debido a que se encuentran realizando trabajos para reparar el asfalto reci\u00e9n aplicado, pues en los \u00faltimos d\u00edas, las constates lluvias generaron alteraciones que da\u00f1aron los avances de obra.<\/p>\n\n\n\n<p>Entre estos da\u00f1os est\u00e1 que el asfalto se levant\u00f3 casi ocho cent\u00edmetros o en su totalidad, dejando a la vista y uso de los medios de transporte, el concentro raspado.<\/p>\n\n\n\n<p>La situaci\u00f3n se di\u00f3 sin previo aviso por autoridades municipales que frecuentemente difunden en redes sociales oficiales, las estrategias viales a aplicar en pr\u00f3ximos d\u00edas.<\/p>\n\n\n\n<p>En los \u00faltimos reportes que emitieron se\u00f1alaban efectuar reparaciones en horario nocturno, con el fin de evitar congestionamiento vial o alteraciones en aquellos automovilistas que utilicen esta v\u00eda de comunicaci\u00f3n.<\/p>\n\n\n\n<p>Sin embargo, despu\u00e9s de diversas quejas ciudadanas por el deterioro de los materiales tras las recientes lluvias, a pesar que la obra ni siquiera ha concluido, el gobierno municipal, a cargo de Raymundo Andrade Rivera, determin\u00f3 cerrar la autopista ocasionando una afectaci\u00f3n a miles de personas no s\u00f3lo de Xalapa y Coatepec, sino tambi\u00e9n, de Teocelo, Xico y municipios de la zona.<\/p>\n\n\n\n<p>Se desconoce la hora exacta para reabrir la autopista y algunos conductores dieron a conocer en redes sociales que alrededor de las 9:00 horas se liber\u00f3 un carril con direcci\u00f3n a Xalapa.<\/p>\n\n\n\n<figure class=\"wp-block-image size-large\"><img loading=\"lazy\" decoding=\"async\" width=\"1024\" height=\"768\" src=\"https:\/\/encuentroinformativo.com.mx\/wp-content\/uploads\/2023\/03\/IMG_7874-1024x768.jpg\" alt=\"\" class=\"wp-image-38302\" srcset=\"https:\/\/encuentroinformativo.com.mx\/wp-content\/uploads\/2023\/03\/IMG_7874-1024x768.jpg 1024w, https:\/\/encuentroinformativo.com.mx\/wp-content\/uploads\/2023\/03\/IMG_7874-300x225.jpg 300w, https:\/\/encuentroinformativo.com.mx\/wp-content\/uploads\/2023\/03\/IMG_7874-768x576.jpg 768w, https:\/\/encuentroinformativo.com.mx\/wp-content\/uploads\/2023\/03\/IMG_7874-1536x1152.jpg 1536w, https:\/\/encuentroinformativo.com.mx\/wp-content\/uploads\/2023\/03\/IMG_7874.jpg 2016w\" sizes=\"auto, (max-width: 1024px) 100vw, 1024px\" \/><\/figure>\n","protected":false},"excerpt":{"rendered":"<p>Juan Arcos Coatepec, Ver.- El cierre del bulevar Xalapa-Coatepec, con direcci\u00f3n a la capital del estado, desat\u00f3 el caos vial en la regi\u00f3n, colapsando las v\u00edas alternas que comunican a ambos municipios. Las largas filas de veh\u00edculos se observaron a la salida del Pueblo M\u00e1gico y sobre la carretera antigua a Coatepec, en la zona [&hellip;]<\/p>\n","protected":false},"author":2476,"featured_media":38301,"comment_status":"open","ping_status":"open","sticky":false,"template":"","format":"standard","meta":{"_jetpack_memberships_contains_paid_content":false,"footnotes":""},"categories":[8],"tags":[],"class_list":["post-38300","post","type-post","status-publish","format-standard","has-post-thumbnail","hentry","category-region"],"jetpack_featured_media_url":"https:\/\/encuentroinformativo.com.mx\/wp-content\/uploads\/2023\/03\/IMG_7834.jpg","jetpack_sharing_enabled":true,"jetpack_likes_enabled":true,"amp_enabled":true,"_links":{"self":[{"href":"https:\/\/encuentroinformativo.com.mx\/index.php?rest_route=\/wp\/v2\/posts\/38300","targetHints":{"allow":["GET"]}}],"collection":[{"href":"https:\/\/encuentroinformativo.com.mx\/index.php?rest_route=\/wp\/v2\/posts"}],"about":[{"href":"https:\/\/encuentroinformativo.com.mx\/index.php?rest_route=\/wp\/v2\/types\/post"}],"author":[{"embeddable":true,"href":"https:\/\/encuentroinformativo.com.mx\/index.php?rest_route=\/wp\/v2\/users\/2476"}],"replies":[{"embeddable":true,"href":"https:\/\/encuentroinformativo.com.mx\/index.php?rest_route=%2Fwp%2Fv2%2Fcomments&post=38300"}],"version-history":[{"count":2,"href":"https:\/\/encuentroinformativo.com.mx\/index.php?rest_route=\/wp\/v2\/posts\/38300\/revisions"}],"predecessor-version":[{"id":38343,"href":"https:\/\/encuentroinformativo.com.mx\/index.php?rest_route=\/wp\/v2\/posts\/38300\/revisions\/38343"}],"wp:featuredmedia":[{"embeddable":true,"href":"https:\/\/encuentroinformativo.com.mx\/index.php?rest_route=\/wp\/v2\/media\/38301"}],"wp:attachment":[{"href":"https:\/\/encuentroinformativo.com.mx\/index.php?rest_route=%2Fwp%2Fv2%2Fmedia&parent=38300"}],"wp:term":[{"taxonomy":"category","embeddable":true,"href":"https:\/\/encuentroinformativo.com.mx\/index.php?rest_route=%2Fwp%2Fv2%2Fcategories&post=38300"},{"taxonomy":"post_tag","embeddable":true,"href":"https:\/\/encuentroinformativo.com.mx\/index.php?rest_route=%2Fwp%2Fv2%2Ftags&post=38300"}],"curies":[{"name":"wp","href":"https:\/\/api.w.org\/{rel}","templated":true}]}}