{"id":38304,"date":"2023-03-23T10:10:18","date_gmt":"2023-03-23T16:10:18","guid":{"rendered":"https:\/\/encuentroinformativo.com.mx\/?p=38304"},"modified":"2023-03-23T10:10:21","modified_gmt":"2023-03-23T16:10:21","slug":"el-nuevo-clasismo","status":"publish","type":"post","link":"https:\/\/encuentroinformativo.com.mx\/?p=38304","title":{"rendered":"El nuevo clasismo"},"content":{"rendered":"\n<p><strong>Los Pol\u00edticos <\/strong><\/p>\n\n\n\n<p><strong>Salvador Mu\u00f1oz<\/strong><\/p>\n\n\n\n<p>Si hubo un adjetivo en nuestro M\u00e9xico que denotara clasismo, sin duda alguna era \u201cindio pata rajada\u201d\u2026 hac\u00eda mucho no lo escuchaba hasta que alguien tuvo a bien (o a mal), grabar a una se\u00f1ora en una marcha ciudadana despotricando contra el Presidente poni\u00e9ndole a su \u201cdiscurso\u201d la cereza del pastel con este \u201cinsulto\u201d.<\/p>\n\n\n\n<p>El clasista pretende imponer un rango superior sobre alguna persona, sea por raza, color de piel, o hasta oficio.<\/p>\n\n\n\n<p>Hace algunos a\u00f1os, pocos, el clasismo lo escuch\u00e9 en alguna an\u00e9cdota o historia de alguien que tuvo una confrontaci\u00f3n o disputa vehicular\u2026 el var\u00f3n le grit\u00f3 a la se\u00f1ora: \u201cTen\u00edas que ser mujer!\u201d y \u00e9sta le respondi\u00f3: \u201cTen\u00edas que ser taxista!\u201d<\/p>\n\n\n\n<p>Antes de este clasismo por oficio, no podemos dejar de lado al alba\u00f1il que estoy seguro, mucho da\u00f1o se cre\u00f3 en su entorno por pel\u00edculas ochenteras que fueron moldeando en el imaginario del colectivo, c\u00f3mo ten\u00eda que ser un alba\u00f1il. Conoc\u00ed y conozco a muchos se\u00f1ores dedicados a este oficio que no correspond\u00edan a la figura que alguna vez se cre\u00f3 con Alfonso Zayas y Luis de Alba\u2026 es claro que a veces en la actuaci\u00f3n se tiende a exagerar para acentuar los rasgos del personaje, como pas\u00f3 con los homosexuales en el celuloide, donde el \u201cJoteo\u201d dict\u00f3 c\u00e1tedra del comportamiento gay\u2026 o siendo m\u00e1s precisos: \u201cNosotros los pobres\u201d y el tonito cantadito de los protagonistas\u2026<\/p>\n\n\n\n<p>Pero volviendo a la an\u00e9cdota o historias de conflictos vehiculares, cierta ocasi\u00f3n dos amigos m\u00edos, pero que no se conocen entre s\u00ed, tuvieron un contratiempo en la glorieta de la Araucaria por la cesi\u00f3n del paso\u2026 el var\u00f3n baj\u00f3 la ventanilla y grit\u00f3 a la mujer. \u00c9sta, al percatarse en el tono de su voz, le dijo algo as\u00ed como \u201cChoto!\u201d o \u201cPuto!\u201d<\/p>\n\n\n\n<p>Por azares de la vida, ambos, por separado, me contaron ese d\u00eda su desencuentro\u2026 hora, carros, historia, coincid\u00edan\u2026 yo, a las risas por dentro. S\u00ed, mi amigo es homosexual, \u00a1pero mi amiga tambi\u00e9n lo era! No obstante, su enojo la hizo emplear este adjetivo contra mi amigo porque sab\u00eda que lo pod\u00eda ofender. No creo que entre al asunto del clasismo, pero es una an\u00e9cdota curiosa.<\/p>\n\n\n\n<p>Confirmo: el clasismo pretende ver inferior a un sector de la sociedad por no contar, de acuerdo a la visi\u00f3n de cada persona, con ciertos atributos o privilegios que suponen ellos tener y los otros, sus caracteres son de poca val\u00eda\u2026<\/p>\n\n\n\n<p>Los tiempos han cambiado\u2026 y con la Cuarta Transformaci\u00f3n m\u00e1s\u2026 El Presidente L\u00f3pez Obrador hizo lo incre\u00edble: volte\u00f3 el sentido del clasismo con valores morales. Los pobres concentrados en El Pueblo, son buenos y sabios; la clase media, \u201cego\u00edsta, clasista, racista y ladina\u201d y a veces peor que los que tienen m\u00e1s dinero, es decir: \u201cmezquina\u201d.<\/p>\n\n\n\n<p>As\u00ed, con ese pensamiento, la clase media, la de los \u201caspiracionistas\u201d, se volvi\u00f3 en la villana del Pueblo Bueno y Sabio\u2026 bueno, eso hasta que Claudia Sheinbaum y Marcelo Ebrard se dieron cuenta de que para el 2024 tienen que contar con el voto de ella, la vituperada, la madreada, la insultada, la vejada clase media\u2026<\/p>\n\n\n\n<p>Y por eso Claudia busca en Martha Debayle, el Borrego Nava, en \u00c1lvaro Cueva su participaci\u00f3n disfrazada en la campa\u00f1a de #EsElla\u2026<br>Y por eso Marcelo Ebrard entra al show c\u00f3mico m\u00e1gico musical de los tiktoks haciendo un chiste de todo lo que hace\u2026 y yo pensaba que era deprimente \u201cMedio Metro\u201d\u2026<\/p>\n\n\n\n<p>De un modo u otro, al menos estas dos corcholatas saben que si hay un sector de la poblaci\u00f3n que ha sido lastimado tanto por el Presidente como por las ramas de cuarta transformaci\u00f3n, \u00e9ste es la clase media, v\u00edctima del Clasismo Inverso de un presidente que piensa que con sus pol\u00edticas p\u00fablicas dadivosas puede repetir la haza\u00f1a electoral del 2018\u2026<\/p>\n\n\n\n<p>Saben que \u00e9stos dif\u00edcilmente les dar\u00e1n de nuevo el voto y por ello han de operar por dos bandas: por un lado, tratar de enamorarlos\u2026 por otro, agandallarse las elecciones, como lo pretende Cuitl\u00e1huac, al menos con seguridad p\u00fablica este 2024\u2026<\/p>\n\n\n\n<p>\u00a1Ah! Se me olvidaba\u2026 tambi\u00e9n hay que decirlo\u2026 si bien AMLO aplica el clasismo en la clase media calific\u00e1ndola de \u201cego\u00edsta, clasista, racista, ladina y mezquina\u201d, igual hay un sector de la poblaci\u00f3n que llama a sus seguidores \u201cchairos\u201d con un dejo despectivo de \u201cborregos\u201d\u2026 \u00a1clasistas al final de un modo u otro!<\/p>\n","protected":false},"excerpt":{"rendered":"<p>Los Pol\u00edticos Salvador Mu\u00f1oz Si hubo un adjetivo en nuestro M\u00e9xico que denotara clasismo, sin duda alguna era \u201cindio pata rajada\u201d\u2026 hac\u00eda mucho no lo escuchaba hasta que alguien tuvo a bien (o a mal), grabar a una se\u00f1ora en una marcha ciudadana despotricando contra el Presidente poni\u00e9ndole a su \u201cdiscurso\u201d la cereza del pastel [&hellip;]<\/p>\n","protected":false},"author":2476,"featured_media":387,"comment_status":"open","ping_status":"open","sticky":false,"template":"","format":"standard","meta":{"_jetpack_memberships_contains_paid_content":false,"footnotes":""},"categories":[11],"tags":[],"class_list":["post-38304","post","type-post","status-publish","format-standard","has-post-thumbnail","hentry","category-opinion"],"jetpack_featured_media_url":"https:\/\/encuentroinformativo.com.mx\/wp-content\/uploads\/2020\/03\/7CF8A22B-2764-47BE-8F7F-38FE9E5D6A2F.jpeg","jetpack_sharing_enabled":true,"jetpack_likes_enabled":true,"amp_enabled":true,"_links":{"self":[{"href":"https:\/\/encuentroinformativo.com.mx\/index.php?rest_route=\/wp\/v2\/posts\/38304","targetHints":{"allow":["GET"]}}],"collection":[{"href":"https:\/\/encuentroinformativo.com.mx\/index.php?rest_route=\/wp\/v2\/posts"}],"about":[{"href":"https:\/\/encuentroinformativo.com.mx\/index.php?rest_route=\/wp\/v2\/types\/post"}],"author":[{"embeddable":true,"href":"https:\/\/encuentroinformativo.com.mx\/index.php?rest_route=\/wp\/v2\/users\/2476"}],"replies":[{"embeddable":true,"href":"https:\/\/encuentroinformativo.com.mx\/index.php?rest_route=%2Fwp%2Fv2%2Fcomments&post=38304"}],"version-history":[{"count":1,"href":"https:\/\/encuentroinformativo.com.mx\/index.php?rest_route=\/wp\/v2\/posts\/38304\/revisions"}],"predecessor-version":[{"id":38305,"href":"https:\/\/encuentroinformativo.com.mx\/index.php?rest_route=\/wp\/v2\/posts\/38304\/revisions\/38305"}],"wp:featuredmedia":[{"embeddable":true,"href":"https:\/\/encuentroinformativo.com.mx\/index.php?rest_route=\/wp\/v2\/media\/387"}],"wp:attachment":[{"href":"https:\/\/encuentroinformativo.com.mx\/index.php?rest_route=%2Fwp%2Fv2%2Fmedia&parent=38304"}],"wp:term":[{"taxonomy":"category","embeddable":true,"href":"https:\/\/encuentroinformativo.com.mx\/index.php?rest_route=%2Fwp%2Fv2%2Fcategories&post=38304"},{"taxonomy":"post_tag","embeddable":true,"href":"https:\/\/encuentroinformativo.com.mx\/index.php?rest_route=%2Fwp%2Fv2%2Ftags&post=38304"}],"curies":[{"name":"wp","href":"https:\/\/api.w.org\/{rel}","templated":true}]}}