{"id":38306,"date":"2023-03-23T12:06:39","date_gmt":"2023-03-23T18:06:39","guid":{"rendered":"https:\/\/encuentroinformativo.com.mx\/?p=38306"},"modified":"2023-03-23T12:06:42","modified_gmt":"2023-03-23T18:06:42","slug":"16-mujeres-han-manifestado-ser-victimas-de-violencia-por-parte-de-regidor-de-veracruz","status":"publish","type":"post","link":"https:\/\/encuentroinformativo.com.mx\/?p=38306","title":{"rendered":"16 mujeres han manifestado ser v\u00edctimas de violencia por parte de regidor de Veracruz"},"content":{"rendered":"\n<p><strong>Alejandro \u00c1vila<\/strong><\/p>\n\n\n\n<p>Veracruz, Ver.- En total 16 mujeres han manifestado haber sido v\u00edctimas de violencia por parte del regidor de Veracruz Sebasti\u00e1n &#8220;N&#8221;, inform\u00f3 Belem Palmeros Exsome, edil con la comisi\u00f3n de Equidad de G\u00e9nero.<\/p>\n\n\n\n<p>La pri\u00edsta aclar\u00f3 que al momento van tres denuncias formales, dos m\u00e1s se presentar\u00e1n en los siguientes d\u00edas, y se sumar\u00e1n otras dos de mujeres que ya no viven en la entidad veracruzana; con lo que se integra una carpeta de siete denuncias en total.<\/p>\n\n\n\n<p>Al resto de las mujeres violentadas les fue informado que debido al tiempo en que sucedieron los hechos sus denuncias no podr\u00e1n ser integradas; sin embargo, fungir\u00e1n como testigos en la investigaci\u00f3n.<\/p>\n\n\n\n<p>&#8220;El d\u00eda de ayer me contactaron dos chicas m\u00e1s, entonces ya estamos hablando de m\u00e1s mujeres que quieren levantar sus denuncias. Ayer me buscaron, yo las canalic\u00e9 directamente con las v\u00edctimas, porque ellas son las que se est\u00e1n organizando, entonces, pues eso es lo grave aqu\u00ed, que se siguen sumando m\u00e1s mujeres (\u2026) las que quieren levantar la denuncia ya formal son siete mujeres, son tres las que ya pusieron la denuncia y las otras tres las van a poner esta semana. Realmente es un hecho totalmente vergonzoso que est\u00e9 pasando esto en la administraci\u00f3n municipal con un regidor (\u2026) son 16, son 16 mujeres que levantaron la voz en redes sociales, de las cuales siete van a hacer las denuncias formales, las dem\u00e1s fueron a la Fiscal\u00eda y les comentaron que como los hechos fueron hace mucho tiempo, que pueden levantar la denuncia pero que tal vez no proceda, entonces ellas dijeron que no pasa nada, que van de testigos para sumarse las denuncias de las compa\u00f1eras&#8221;, mencion\u00f3 Palmeros Exsome.<\/p>\n\n\n\n<p>Bel\u00e9n Palmeros insisti\u00f3 que por \u00e9tica, el regidor deber\u00eda separarse del cargo mientras se realiza la investigaci\u00f3n; al tiempo que recalc\u00f3, una de las \u00faltimas denuncias la hizo una joven, quien dijo haber sido violentada por Sebasti\u00e1n &#8220;N&#8221; cuando ella ten\u00eda 13 a\u00f1os de edad.<\/p>\n\n\n\n<p>Sobre el presunto intento de secuestro que habr\u00eda sufrido el regidor la tarde de este mi\u00e9rcoles, dijo desconocer toda informaci\u00f3n.<\/p>\n\n\n\n<p>&#8220;La verdad lo desconozco, yo me enter\u00e9 al igual que ustedes por las redes sociales, pero las autoridades competentes tendr\u00e1n que investigar (\u2026) si es una cortina de humo que lamentable, pero si no lo es ojal\u00e1 se lleve una investigaci\u00f3n correcta&#8221;, culmin\u00f3.<\/p>\n","protected":false},"excerpt":{"rendered":"<p>Alejandro \u00c1vila Veracruz, Ver.- En total 16 mujeres han manifestado haber sido v\u00edctimas de violencia por parte del regidor de Veracruz Sebasti\u00e1n &#8220;N&#8221;, inform\u00f3 Belem Palmeros Exsome, edil con la comisi\u00f3n de Equidad de G\u00e9nero. La pri\u00edsta aclar\u00f3 que al momento van tres denuncias formales, dos m\u00e1s se presentar\u00e1n en los siguientes d\u00edas, y se [&hellip;]<\/p>\n","protected":false},"author":2476,"featured_media":38307,"comment_status":"open","ping_status":"open","sticky":false,"template":"","format":"standard","meta":{"_jetpack_memberships_contains_paid_content":false,"footnotes":""},"categories":[2],"tags":[],"class_list":["post-38306","post","type-post","status-publish","format-standard","has-post-thumbnail","hentry","category-estado"],"jetpack_featured_media_url":"https:\/\/encuentroinformativo.com.mx\/wp-content\/uploads\/2023\/03\/IMG-20230323-WA00202.jpg","jetpack_sharing_enabled":true,"jetpack_likes_enabled":true,"amp_enabled":true,"_links":{"self":[{"href":"https:\/\/encuentroinformativo.com.mx\/index.php?rest_route=\/wp\/v2\/posts\/38306","targetHints":{"allow":["GET"]}}],"collection":[{"href":"https:\/\/encuentroinformativo.com.mx\/index.php?rest_route=\/wp\/v2\/posts"}],"about":[{"href":"https:\/\/encuentroinformativo.com.mx\/index.php?rest_route=\/wp\/v2\/types\/post"}],"author":[{"embeddable":true,"href":"https:\/\/encuentroinformativo.com.mx\/index.php?rest_route=\/wp\/v2\/users\/2476"}],"replies":[{"embeddable":true,"href":"https:\/\/encuentroinformativo.com.mx\/index.php?rest_route=%2Fwp%2Fv2%2Fcomments&post=38306"}],"version-history":[{"count":1,"href":"https:\/\/encuentroinformativo.com.mx\/index.php?rest_route=\/wp\/v2\/posts\/38306\/revisions"}],"predecessor-version":[{"id":38308,"href":"https:\/\/encuentroinformativo.com.mx\/index.php?rest_route=\/wp\/v2\/posts\/38306\/revisions\/38308"}],"wp:featuredmedia":[{"embeddable":true,"href":"https:\/\/encuentroinformativo.com.mx\/index.php?rest_route=\/wp\/v2\/media\/38307"}],"wp:attachment":[{"href":"https:\/\/encuentroinformativo.com.mx\/index.php?rest_route=%2Fwp%2Fv2%2Fmedia&parent=38306"}],"wp:term":[{"taxonomy":"category","embeddable":true,"href":"https:\/\/encuentroinformativo.com.mx\/index.php?rest_route=%2Fwp%2Fv2%2Fcategories&post=38306"},{"taxonomy":"post_tag","embeddable":true,"href":"https:\/\/encuentroinformativo.com.mx\/index.php?rest_route=%2Fwp%2Fv2%2Ftags&post=38306"}],"curies":[{"name":"wp","href":"https:\/\/api.w.org\/{rel}","templated":true}]}}