{"id":38309,"date":"2023-03-23T12:31:00","date_gmt":"2023-03-23T18:31:00","guid":{"rendered":"https:\/\/encuentroinformativo.com.mx\/?p=38309"},"modified":"2023-03-23T12:31:03","modified_gmt":"2023-03-23T18:31:03","slug":"tardamos-mucho-en-recuperarnos-como-destino-turistico-tras-hechos-violentos-cometur","status":"publish","type":"post","link":"https:\/\/encuentroinformativo.com.mx\/?p=38309","title":{"rendered":"Tardamos mucho en recuperarnos como destino tur\u00edstico tras hechos violentos: COMETUR"},"content":{"rendered":"\n<p><strong>Alejandro \u00c1vila<\/strong><\/p>\n\n\n\n<p>Veracruz, Ver.- El presidente del Consejo Metropolitano de Turismo (COMETUR), Sergio Lois Heredia, reconoci\u00f3 que la entidad veracruzana tard\u00f3 mucho en recuperarse como destino tur\u00edstico, tras los hechos violentos que suced\u00edan constantemente hace cerca de 10 a\u00f1os.<\/p>\n\n\n\n<p>Apenas este mi\u00e9rcoles, justo a unos d\u00edas de la Semana Santa, \u00e9poca vacacional importante para los prestadores de servicio en Veracruz, se suscit\u00f3 una balacera en pleno bulevar de Boca del R\u00edo.<\/p>\n\n\n\n<p>&#8220;Esos percances, esas cosas que suceden, esperemos que ya dejen de pasar, porque si vienen en este momento todav\u00eda no se ha visto manchada la imagen tur\u00edstica de Veracruz, recordemos lo que nos pas\u00f3 hace un poquito m\u00e1s de 10 a\u00f1os, empezaron a suceder estas cosas, primero aisladas, despu\u00e9s a plena luz del d\u00eda y en cualquier lugar, y eso s\u00ed nos provoc\u00f3 que se ensuciara la imagen de Veracruz de una manera muy fuerte, nos cost\u00f3 muchos a\u00f1os limpiarla, ahorita en este momento podr\u00edamos decir que s\u00ed, otra vez el turista viene a Veracruz y lo disfruta con toda la tranquilidad, pero deben de dejar de pasar estas cosas, sino queremos que nos pase lo que ya nos pas\u00f3 hace un poquito m\u00e1s de 10 a\u00f1os&#8221;, sentenci\u00f3.<\/p>\n\n\n\n<p>Sergio Lois Heredia dijo que para esta temporada vacacional de Semana Santa se espera una ocupaci\u00f3n hotelera cercana al 80 por ciento, misma que podr\u00eda aumentar si las condiciones climatol\u00f3gicas permanecen con d\u00eda soleados.<\/p>\n\n\n\n<p>Finalmente, resalt\u00f3 las actividades recreativas presentadas por el Ayuntamiento de Veracruz para las vacaciones de Semana Santa, pues asegur\u00f3, esto incentiva a los turistas a visitar el municipio.<\/p>\n","protected":false},"excerpt":{"rendered":"<p>Alejandro \u00c1vila Veracruz, Ver.- El presidente del Consejo Metropolitano de Turismo (COMETUR), Sergio Lois Heredia, reconoci\u00f3 que la entidad veracruzana tard\u00f3 mucho en recuperarse como destino tur\u00edstico, tras los hechos violentos que suced\u00edan constantemente hace cerca de 10 a\u00f1os. Apenas este mi\u00e9rcoles, justo a unos d\u00edas de la Semana Santa, \u00e9poca vacacional importante para los [&hellip;]<\/p>\n","protected":false},"author":2476,"featured_media":38310,"comment_status":"open","ping_status":"open","sticky":false,"template":"","format":"standard","meta":{"_jetpack_memberships_contains_paid_content":false,"footnotes":""},"categories":[2],"tags":[],"class_list":["post-38309","post","type-post","status-publish","format-standard","has-post-thumbnail","hentry","category-estado"],"jetpack_featured_media_url":"https:\/\/encuentroinformativo.com.mx\/wp-content\/uploads\/2023\/03\/IMG-20230323-WA0038.jpg","jetpack_sharing_enabled":true,"jetpack_likes_enabled":true,"amp_enabled":true,"_links":{"self":[{"href":"https:\/\/encuentroinformativo.com.mx\/index.php?rest_route=\/wp\/v2\/posts\/38309","targetHints":{"allow":["GET"]}}],"collection":[{"href":"https:\/\/encuentroinformativo.com.mx\/index.php?rest_route=\/wp\/v2\/posts"}],"about":[{"href":"https:\/\/encuentroinformativo.com.mx\/index.php?rest_route=\/wp\/v2\/types\/post"}],"author":[{"embeddable":true,"href":"https:\/\/encuentroinformativo.com.mx\/index.php?rest_route=\/wp\/v2\/users\/2476"}],"replies":[{"embeddable":true,"href":"https:\/\/encuentroinformativo.com.mx\/index.php?rest_route=%2Fwp%2Fv2%2Fcomments&post=38309"}],"version-history":[{"count":1,"href":"https:\/\/encuentroinformativo.com.mx\/index.php?rest_route=\/wp\/v2\/posts\/38309\/revisions"}],"predecessor-version":[{"id":38311,"href":"https:\/\/encuentroinformativo.com.mx\/index.php?rest_route=\/wp\/v2\/posts\/38309\/revisions\/38311"}],"wp:featuredmedia":[{"embeddable":true,"href":"https:\/\/encuentroinformativo.com.mx\/index.php?rest_route=\/wp\/v2\/media\/38310"}],"wp:attachment":[{"href":"https:\/\/encuentroinformativo.com.mx\/index.php?rest_route=%2Fwp%2Fv2%2Fmedia&parent=38309"}],"wp:term":[{"taxonomy":"category","embeddable":true,"href":"https:\/\/encuentroinformativo.com.mx\/index.php?rest_route=%2Fwp%2Fv2%2Fcategories&post=38309"},{"taxonomy":"post_tag","embeddable":true,"href":"https:\/\/encuentroinformativo.com.mx\/index.php?rest_route=%2Fwp%2Fv2%2Ftags&post=38309"}],"curies":[{"name":"wp","href":"https:\/\/api.w.org\/{rel}","templated":true}]}}