{"id":38312,"date":"2023-03-23T13:23:20","date_gmt":"2023-03-23T19:23:20","guid":{"rendered":"https:\/\/encuentroinformativo.com.mx\/?p=38312"},"modified":"2023-03-23T13:23:24","modified_gmt":"2023-03-23T19:23:24","slug":"descansen-en-paz-don-luis-y-don-faustino","status":"publish","type":"post","link":"https:\/\/encuentroinformativo.com.mx\/?p=38312","title":{"rendered":"DESCANSEN EN PAZ, DON LUIS Y DON FAUSTINO"},"content":{"rendered":"\n<p><strong>ColumnaSinNombre<br>@pablojair<\/strong><\/p>\n\n\n\n<ul class=\"wp-block-list\"><li>Un gato en la historia de AMLO.<\/li><\/ul>\n\n\n\n<p>Y &#8220;Alito&#8221; tumb\u00f3 al &#8220;Chino&#8221;<br>&#8211;Chopenjawer<\/p>\n\n\n\n<p>Este jueves amanecimos con dos tristes noticias que tienen qu\u00e9 ver mucho con Minatitl\u00e1n: los lamentables fallecimientos de Don Luis Zapata Reyes y Don Faustino Lugo \u00c1ngeles.<\/p>\n\n\n\n<p>El primero, un empresario visionario. El segundo, un respetado editor period\u00edstico.<\/p>\n\n\n\n<p>Don Luis Zapata perteneci\u00f3 a esa generaci\u00f3n de empresarios del siglo pasado que, sin ser nativos de Mina, apostaron mucho por la ciudad, especialmente en el ramo hotelero y restaurantero.<\/p>\n\n\n\n<p>Son los que sostuvieron a Mina m\u00e1s all\u00e1 del \u00e1mbito petrolero y dieron relevancia al sector de empresarios bien organizados, de donde dependen (o depend\u00edan, porque algunos comercios ya desaparecieron) muchas familias que no trabajaban para Pemex.<\/p>\n\n\n\n<p>Para los que no saben: Minatitl\u00e1n depende casi en su totalidad de la industria petrolera.<\/p>\n\n\n\n<p>Don Luis fue propietario del Hotel Plaza, que fue por a\u00f1os una referencia obligada en Mina con su restaurante &#8220;Da Vinci&#8221;, que daba una de las mejores vistas en las alturas.<\/p>\n\n\n\n<p>Otra empresa de \u00e9l muy conocida fue &#8220;Regalos y Novedades&#8221;, que era una tienda de muebles finos ubicada a un costado del monumento a L\u00e1zaro C\u00e1rdenas, en la avenida Justo Sierra.<\/p>\n\n\n\n<p>Fue tambi\u00e9n presidente del patronato de Casa de Cultura y presidente de la Canaco en Minatitl\u00e1n.<\/p>\n\n\n\n<p>Don Luis siempre fue conocido como una persona amable y muy tratable. Descanse en paz.<\/p>\n\n\n\n<p><strong>LUTO EN &#8220;EL MENSAJE DE SURESTE&#8221;<\/strong><\/p>\n\n\n\n<p>Por d\u00e9cadas, uno de los peri\u00f3dicos impresos m\u00e1s conocidos y con mucha influencia en Minatitl\u00e1n ha sido &#8220;El Mensaje del Sureste&#8221;.<\/p>\n\n\n\n<p>Se trata de un semanario particularmente llamativo por su dise\u00f1o y contenido netamente policiaco. Tambi\u00e9n tiene columnas pol\u00edticas de mucho inter\u00e9s.<\/p>\n\n\n\n<p>Sus p\u00e1ginas eran a blanco y negro, pero con bordes naranjas, aunque hace poco dej\u00f3 de hacer la versi\u00f3n impresa para pasarse al formato digital.<\/p>\n\n\n\n<p>Sus notas de nota roja van regularmente encabezadas con titulares jocosos, con mucha picard\u00eda. Uno de los que m\u00e1s recuerdo era &#8220;Los agarr\u00f3 a mierdadas&#8221;, y se refer\u00eda al caso de un detenido por la Polic\u00eda Municipal que, para evitar el encarcelamiento, meti\u00f3 la mano en el trasero y agarr\u00f3 pedazos de excremento reci\u00e9n creados para lanzarlos a los gendarmes\u2026 Sobra decir c\u00f3mo qued\u00f3 la Inspecci\u00f3n de Polic\u00eda.<\/p>\n\n\n\n<p>Hace unos d\u00edas supe que su editor Faustino Lugo \u00c1ngeles estaba enfermo e internado en Xalapa, pero que ya hab\u00eda sido trasladado a su domicilio para su recuperaci\u00f3n.<\/p>\n\n\n\n<p>Semanas antes, me invitaron a publicar la columna en el semanario. En agradecimiento, pude hablar por tel\u00e9fono con Don Faustino, y platicamos sobre viejos personajes muy reconocidos como Don C\u00e9sar V\u00e1zquez Chagoya (abrazote al cielo, patr\u00f3n) y el buen Heriberto &#8220;Pecho de Jaiba&#8221;, uno de los grandes reporteros poco recordados de la \u00e9poca de esplendor del periodismo impreso.<\/p>\n\n\n\n<p>Anoche nos enteramos del sensible fallecimiento de Don Faustino. Descanse en paz.<\/p>\n\n\n\n<p><strong>\u00daNICA NOTA PARA PEGAR EN EL REFRI: <\/strong>Se sabe que el presidente de M\u00e9xico estuvo muy contento en recientes d\u00edas por un video que dio a conocer el gran fotoperiodista y caricaturista Alberto Morales \u2026 Y es que, acucioso como es el &#8220;Betogato&#8221;, cuando inici\u00f3 la cuarentena por la pandemia se puso a revisar su archivo personal de fotograf\u00edas y encontr\u00f3 aquellas donde document\u00f3 el &#8220;\u00c9xodo por la Democracia&#8221;, la marcha que emprendi\u00f3 en 1991 un tabasque\u00f1o poco conocido llamado Andr\u00e9s Manuel L\u00f3pez Obrador desde las tierras de Carlos Pellicer y Leandro Rovirosa \u2014pasando por Veracruz, con rumbo a la Ciudad de M\u00e9xico\u2014 en protesta por irregularidades en la elecci\u00f3n a la gubernatura de Tabasco\u2026 &#8220;Betogato&#8221; hizo hace poco un video con esas fotograf\u00edas que comparti\u00f3 en Twitter arrobando al presidente, y \u00e9ste retransmiti\u00f3 el material en su propia cuenta\u2026 Y es que a AMLO, nost\u00e1lgico de coraz\u00f3n y amante de la historia, le conmovieron tanto ver las im\u00e1genes que decidi\u00f3 compartirlas en sus redes sociales y ya se imaginar\u00e1 que ac\u00e1 en Xalapa la banda de inmediato estuvo mandando mensajes y hablando a &#8220;Betogato&#8221; para decirle: &#8220;Beso mano, Don Gatone; deme su bendici\u00f3n, Don Albertone&#8221;\u2026 El mismo &#8220;Cat&#8221; recordaba ayer en la sobremesa: &#8220;Los \u00fanicos que est\u00e1bamos ah\u00ed en la marcha \u00e9ramos Regina (Mart\u00ednez) y yo\u2026 y el presidente lo sabe&#8221;.<\/p>\n","protected":false},"excerpt":{"rendered":"<p>ColumnaSinNombre@pablojair Un gato en la historia de AMLO. Y &#8220;Alito&#8221; tumb\u00f3 al &#8220;Chino&#8221;&#8211;Chopenjawer Este jueves amanecimos con dos tristes noticias que tienen qu\u00e9 ver mucho con Minatitl\u00e1n: los lamentables fallecimientos de Don Luis Zapata Reyes y Don Faustino Lugo \u00c1ngeles. El primero, un empresario visionario. El segundo, un respetado editor period\u00edstico. Don Luis Zapata perteneci\u00f3 [&hellip;]<\/p>\n","protected":false},"author":2476,"featured_media":488,"comment_status":"open","ping_status":"open","sticky":false,"template":"","format":"standard","meta":{"_jetpack_memberships_contains_paid_content":false,"footnotes":""},"categories":[11],"tags":[],"class_list":["post-38312","post","type-post","status-publish","format-standard","has-post-thumbnail","hentry","category-opinion"],"jetpack_featured_media_url":"https:\/\/encuentroinformativo.com.mx\/wp-content\/uploads\/2020\/03\/F471F608-BA1A-416B-BA7B-BCFB24F4E6D0.jpeg","jetpack_sharing_enabled":true,"jetpack_likes_enabled":true,"amp_enabled":true,"_links":{"self":[{"href":"https:\/\/encuentroinformativo.com.mx\/index.php?rest_route=\/wp\/v2\/posts\/38312","targetHints":{"allow":["GET"]}}],"collection":[{"href":"https:\/\/encuentroinformativo.com.mx\/index.php?rest_route=\/wp\/v2\/posts"}],"about":[{"href":"https:\/\/encuentroinformativo.com.mx\/index.php?rest_route=\/wp\/v2\/types\/post"}],"author":[{"embeddable":true,"href":"https:\/\/encuentroinformativo.com.mx\/index.php?rest_route=\/wp\/v2\/users\/2476"}],"replies":[{"embeddable":true,"href":"https:\/\/encuentroinformativo.com.mx\/index.php?rest_route=%2Fwp%2Fv2%2Fcomments&post=38312"}],"version-history":[{"count":1,"href":"https:\/\/encuentroinformativo.com.mx\/index.php?rest_route=\/wp\/v2\/posts\/38312\/revisions"}],"predecessor-version":[{"id":38313,"href":"https:\/\/encuentroinformativo.com.mx\/index.php?rest_route=\/wp\/v2\/posts\/38312\/revisions\/38313"}],"wp:featuredmedia":[{"embeddable":true,"href":"https:\/\/encuentroinformativo.com.mx\/index.php?rest_route=\/wp\/v2\/media\/488"}],"wp:attachment":[{"href":"https:\/\/encuentroinformativo.com.mx\/index.php?rest_route=%2Fwp%2Fv2%2Fmedia&parent=38312"}],"wp:term":[{"taxonomy":"category","embeddable":true,"href":"https:\/\/encuentroinformativo.com.mx\/index.php?rest_route=%2Fwp%2Fv2%2Fcategories&post=38312"},{"taxonomy":"post_tag","embeddable":true,"href":"https:\/\/encuentroinformativo.com.mx\/index.php?rest_route=%2Fwp%2Fv2%2Ftags&post=38312"}],"curies":[{"name":"wp","href":"https:\/\/api.w.org\/{rel}","templated":true}]}}