{"id":38314,"date":"2023-03-23T13:27:48","date_gmt":"2023-03-23T19:27:48","guid":{"rendered":"https:\/\/encuentroinformativo.com.mx\/?p=38314"},"modified":"2023-03-23T13:27:52","modified_gmt":"2023-03-23T19:27:52","slug":"protestan-grupos-artisticos-por-recortes-en-la-uv","status":"publish","type":"post","link":"https:\/\/encuentroinformativo.com.mx\/?p=38314","title":{"rendered":"Protestan grupos art\u00edsticos por recortes en la UV"},"content":{"rendered":"\n<p><strong>Juan Arcos <\/strong><\/p>\n\n\n\n<p>Xalapa, Ver.- Integrantes de m\u00e1s de 20 grupos art\u00edsticos de la Universidad Veracruzana (UV) protestaron por primera vez en la historia de esta instituci\u00f3n afuera del edificio de la Rector\u00eda, en esta ciudad de Xalapa, para denunciar que est\u00e1n siendo violentados sus derechos laborales.<\/p>\n\n\n\n<p>En la manifestaci\u00f3n participaron tambi\u00e9n integrantes de la Orquesta Sinf\u00f3nica de Xalapa (OSX), Orquesta de M\u00fasica Popular, Grupo Tlen Huicani, Tlen Huicani Maderas y Teatro, por mencionar algunos.<\/p>\n\n\n\n<p>Los quejosos son agremiados de la Federaci\u00f3n Estatal de Sindicatos y Asociaciones del Personal Acad\u00e9mico de la Universidad Veracruzana (Fesapauv), quienes acusaron que la m\u00e1xima casa de estudios recort\u00f3 el presupuesto para las actividades art\u00edsticas y culturales.<\/p>\n\n\n\n<p>Incluso, se\u00f1alaron al director de Difusi\u00f3n Cultural, Le\u00f3n Alfonso Colorado Hern\u00e1ndez, de reasignar y bajar los presupuestos para los grupos art\u00edsticos.<br>De acuerdo con V\u00edctor Manuel Filobello, integrante del Coro de la Universidad Veracruzana, faltan apoyos para sus presentaciones y espacios de difusi\u00f3n cultural, pues ser a\u00f1o casi no han tenido conciertos por el mismo motivo.<\/p>\n\n\n\n<p>\u201cNosotros en marzo, en a\u00f1os anteriores, ya hab\u00edamos hecho muchas actividades y este a\u00f1o no hemos podido hacer nada, se les va mucho en planear, pero hay que ser pr\u00e1cticos y actuar. Remarcar\u00eda el asunto de que el presupuesto que ten\u00edamos era el mismo, se manten\u00eda, en esta ocasi\u00f3n algo pas\u00f3, en la Direcci\u00f3n de Difusi\u00f3n Cultural reasignaron y nos bajaron el presupuesto\u201d, critic\u00f3.<\/p>\n\n\n\n<p>El entrevistado detall\u00f3 que el Coro Universitario carece de instalaciones desde hace m\u00e1s de dos a\u00f1os por una obra para su rehabilitaci\u00f3n; sin embargo, los trabajos han demorado presuntamente por falta de presupuesto.<\/p>\n\n\n\n<p>Su espacio era el Teatro La Caja, ubicado en Lomas del Estadio, muy cerca de la Rector\u00eda de la Universidad Veracruzana, donde los artistas no han podido volver para sus ensayos y otras actividades.<\/p>\n\n\n\n<p>\u201cEl coro de la universidad se presenta muchas veces, hacemos conciertos did\u00e1cticos, nos vamos a otras \u00e1reas de las otras presentaciones de Poza Rica, Minatitl\u00e1n y todo eso, ahora no hemos hecho nada porque nos recortan el presupuesto. Lo que pedir\u00eda a nombre del coro es que nuestro presupuesto se ejerza completo en el coro, porque somos nosotros los que sabemos la necesidad que tiene el coro, no las personas que acaban de llegar\u201d, enfatiz\u00f3.<\/p>\n\n\n\n<p>Los inconformes tambi\u00e9n indicaron que ha habido retraso en el pago a interinos y la falta de programaci\u00f3n de actividades art\u00edsticas.<\/p>\n\n\n\n<p>Los representantes sindicales se reunieron con autoridades universitarias en la oficina de Rector\u00eda, en busca de acuerdos.<\/p>\n","protected":false},"excerpt":{"rendered":"<p>Juan Arcos Xalapa, Ver.- Integrantes de m\u00e1s de 20 grupos art\u00edsticos de la Universidad Veracruzana (UV) protestaron por primera vez en la historia de esta instituci\u00f3n afuera del edificio de la Rector\u00eda, en esta ciudad de Xalapa, para denunciar que est\u00e1n siendo violentados sus derechos laborales. En la manifestaci\u00f3n participaron tambi\u00e9n integrantes de la Orquesta [&hellip;]<\/p>\n","protected":false},"author":2476,"featured_media":38315,"comment_status":"open","ping_status":"open","sticky":false,"template":"","format":"standard","meta":{"_jetpack_memberships_contains_paid_content":false,"footnotes":""},"categories":[2],"tags":[],"class_list":["post-38314","post","type-post","status-publish","format-standard","has-post-thumbnail","hentry","category-estado"],"jetpack_featured_media_url":"https:\/\/encuentroinformativo.com.mx\/wp-content\/uploads\/2023\/03\/IMG_8058.jpg","jetpack_sharing_enabled":true,"jetpack_likes_enabled":true,"amp_enabled":true,"_links":{"self":[{"href":"https:\/\/encuentroinformativo.com.mx\/index.php?rest_route=\/wp\/v2\/posts\/38314","targetHints":{"allow":["GET"]}}],"collection":[{"href":"https:\/\/encuentroinformativo.com.mx\/index.php?rest_route=\/wp\/v2\/posts"}],"about":[{"href":"https:\/\/encuentroinformativo.com.mx\/index.php?rest_route=\/wp\/v2\/types\/post"}],"author":[{"embeddable":true,"href":"https:\/\/encuentroinformativo.com.mx\/index.php?rest_route=\/wp\/v2\/users\/2476"}],"replies":[{"embeddable":true,"href":"https:\/\/encuentroinformativo.com.mx\/index.php?rest_route=%2Fwp%2Fv2%2Fcomments&post=38314"}],"version-history":[{"count":1,"href":"https:\/\/encuentroinformativo.com.mx\/index.php?rest_route=\/wp\/v2\/posts\/38314\/revisions"}],"predecessor-version":[{"id":38316,"href":"https:\/\/encuentroinformativo.com.mx\/index.php?rest_route=\/wp\/v2\/posts\/38314\/revisions\/38316"}],"wp:featuredmedia":[{"embeddable":true,"href":"https:\/\/encuentroinformativo.com.mx\/index.php?rest_route=\/wp\/v2\/media\/38315"}],"wp:attachment":[{"href":"https:\/\/encuentroinformativo.com.mx\/index.php?rest_route=%2Fwp%2Fv2%2Fmedia&parent=38314"}],"wp:term":[{"taxonomy":"category","embeddable":true,"href":"https:\/\/encuentroinformativo.com.mx\/index.php?rest_route=%2Fwp%2Fv2%2Fcategories&post=38314"},{"taxonomy":"post_tag","embeddable":true,"href":"https:\/\/encuentroinformativo.com.mx\/index.php?rest_route=%2Fwp%2Fv2%2Ftags&post=38314"}],"curies":[{"name":"wp","href":"https:\/\/api.w.org\/{rel}","templated":true}]}}