{"id":38317,"date":"2023-03-23T13:47:33","date_gmt":"2023-03-23T19:47:33","guid":{"rendered":"https:\/\/encuentroinformativo.com.mx\/?p=38317"},"modified":"2023-03-23T13:47:38","modified_gmt":"2023-03-23T19:47:38","slug":"se-reforzaran-operativos-de-vigilancia-en-boca-del-rio-gobernador","status":"publish","type":"post","link":"https:\/\/encuentroinformativo.com.mx\/?p=38317","title":{"rendered":"Se reforzar\u00e1n operativos de vigilancia en Boca del R\u00edo: Gobernador"},"content":{"rendered":"\n<p><strong>Israel Garc\u00eda<\/strong><\/p>\n\n\n\n<p>Xalapa, Ver.- El Gobernador del Estado de Veracruz, Cuitl\u00e1huac Garc\u00eda Jim\u00e9nez acompa\u00f1ado de la Secretaria de Protecci\u00f3n Civil, Guadalupe Osorno, en conferencia de prensa inform\u00f3, sobre los hechos de la balacera que se registr\u00f3 anoche en el municipio de Boca del R\u00edo, donde una persona perdiera la vida.<\/p>\n\n\n\n<p>Motivo por el cual afirm\u00f3 que se va investigar a fondo, &#8220;no vamos a permitir que la tranquilidad de los boque\u00f1os se altere, vamos a dar con los responsables&#8221;.<\/p>\n\n\n\n<p>Explic\u00f3 el gobernador que tienen una l\u00ednea de investigaci\u00f3n. Dijo que acordaron con el alcalde de Boca del R\u00edo, para reforzar los operativos de vigilancia para la tranquilidad de los boque\u00f1os.<\/p>\n\n\n\n<p>En otro tema, Garc\u00eda Jim\u00e9nez inform\u00f3 sobre los operativos exitosos que est\u00e1n llevando a cabo con elementos de la Guardia Nacional, en este mes de marzo van seis detenciones, en confiscar veh\u00edculos que andan en el huachicol de gas, en la regi\u00f3n de Cosamaloapan, Tierra Blanca, Omealca colindancia con Oaxaca y sean puesto a disposici\u00f3n 12 veh\u00edculos con logos de empresas pirateadas de huachicoleo de gas.<\/p>\n","protected":false},"excerpt":{"rendered":"<p>Israel Garc\u00eda Xalapa, Ver.- El Gobernador del Estado de Veracruz, Cuitl\u00e1huac Garc\u00eda Jim\u00e9nez acompa\u00f1ado de la Secretaria de Protecci\u00f3n Civil, Guadalupe Osorno, en conferencia de prensa inform\u00f3, sobre los hechos de la balacera que se registr\u00f3 anoche en el municipio de Boca del R\u00edo, donde una persona perdiera la vida. Motivo por el cual afirm\u00f3 [&hellip;]<\/p>\n","protected":false},"author":2476,"featured_media":38318,"comment_status":"open","ping_status":"open","sticky":false,"template":"","format":"standard","meta":{"_jetpack_memberships_contains_paid_content":false,"footnotes":""},"categories":[2],"tags":[],"class_list":["post-38317","post","type-post","status-publish","format-standard","has-post-thumbnail","hentry","category-estado"],"jetpack_featured_media_url":"https:\/\/encuentroinformativo.com.mx\/wp-content\/uploads\/2023\/03\/IMG-20230323-WA00462.jpg","jetpack_sharing_enabled":true,"jetpack_likes_enabled":true,"amp_enabled":true,"_links":{"self":[{"href":"https:\/\/encuentroinformativo.com.mx\/index.php?rest_route=\/wp\/v2\/posts\/38317","targetHints":{"allow":["GET"]}}],"collection":[{"href":"https:\/\/encuentroinformativo.com.mx\/index.php?rest_route=\/wp\/v2\/posts"}],"about":[{"href":"https:\/\/encuentroinformativo.com.mx\/index.php?rest_route=\/wp\/v2\/types\/post"}],"author":[{"embeddable":true,"href":"https:\/\/encuentroinformativo.com.mx\/index.php?rest_route=\/wp\/v2\/users\/2476"}],"replies":[{"embeddable":true,"href":"https:\/\/encuentroinformativo.com.mx\/index.php?rest_route=%2Fwp%2Fv2%2Fcomments&post=38317"}],"version-history":[{"count":1,"href":"https:\/\/encuentroinformativo.com.mx\/index.php?rest_route=\/wp\/v2\/posts\/38317\/revisions"}],"predecessor-version":[{"id":38319,"href":"https:\/\/encuentroinformativo.com.mx\/index.php?rest_route=\/wp\/v2\/posts\/38317\/revisions\/38319"}],"wp:featuredmedia":[{"embeddable":true,"href":"https:\/\/encuentroinformativo.com.mx\/index.php?rest_route=\/wp\/v2\/media\/38318"}],"wp:attachment":[{"href":"https:\/\/encuentroinformativo.com.mx\/index.php?rest_route=%2Fwp%2Fv2%2Fmedia&parent=38317"}],"wp:term":[{"taxonomy":"category","embeddable":true,"href":"https:\/\/encuentroinformativo.com.mx\/index.php?rest_route=%2Fwp%2Fv2%2Fcategories&post=38317"},{"taxonomy":"post_tag","embeddable":true,"href":"https:\/\/encuentroinformativo.com.mx\/index.php?rest_route=%2Fwp%2Fv2%2Ftags&post=38317"}],"curies":[{"name":"wp","href":"https:\/\/api.w.org\/{rel}","templated":true}]}}