{"id":3832,"date":"2020-07-03T14:54:08","date_gmt":"2020-07-03T19:54:08","guid":{"rendered":"https:\/\/encuentroinformativo.com\/?p=3832"},"modified":"2020-07-03T14:54:10","modified_gmt":"2020-07-03T19:54:10","slug":"por-danos-de-lluvias-50-familias-necesitan-reubicacion-pc","status":"publish","type":"post","link":"https:\/\/encuentroinformativo.com.mx\/?p=3832","title":{"rendered":"Por da\u00f1os de lluvias, 50 familias necesitan reubicaci\u00f3n: PC"},"content":{"rendered":"\n<p><strong>Juan Arcos <\/strong><\/p>\n\n\n\n<p>Xalapa, Ver.- Un total de 50 familias requieren ser reubicadas por los da\u00f1os que registraron sus viviendas durante las lluvias del pasado 24 de junio.<\/p>\n\n\n\n<p>As\u00ed lo dio a conocer el director de Protecci\u00f3n Civil en Xalapa, Jes\u00fas Vargas Hern\u00e1ndez, quien a\u00f1adi\u00f3 que se busca la declaratoria de desastres para la capital veracruzana y as\u00ed sean apoyadas las familias que tuvieron p\u00e9rdidas por derrumbes o inundaciones.<\/p>\n\n\n\n<p>Record\u00f3 que la solicitud fue enviada por el gobernador Cuitl\u00e1huac Garc\u00eda Jim\u00e9nez hace unos d\u00edas a la Coordinaci\u00f3n Nacional de Protecci\u00f3n Civil, por lo que la repuesta podr\u00eda darse en uno o dos d\u00edas.<\/p>\n\n\n\n<p>Detall\u00f3 que en caso de recibir una respuesta negativa, el gobierno del estado, a trav\u00e9s de Invivienda, Patrimonio del Estado y otras \u00e1reas, buscar\u00eda atender a quienes resultaron afectados.<\/p>\n\n\n\n<p>El funcionario municipal record\u00f3 que algunas viviendas resultaron p\u00e9rdida total y, por ello, algunos ciudadanos requieren en apoyo inmediato.<\/p>\n\n\n\n<p>\u201cEstamos hablando de 50 viviendas que se requieren ser, tanto reubicadas por los da\u00f1os que siguieron, porque hubo algunas que resultaron con p\u00e9rdida total\u201d.<\/p>\n\n\n\n<p>Vargas Hern\u00e1ndez coment\u00f3 que aunque contin\u00faan habilitados los albergues en Aldea Merced, Gimnasio del Fovissste y en el Gimnasio de la Lagunilla; las familias prefirieron alojarse con vecinos o sus parientes.<\/p>\n\n\n\n<p>\u201cSe va a apoyar a la poblaci\u00f3n. La idea es empezar a entregar de manera inmediata, como es la indicaci\u00f3n del alcalde (Hip\u00f3lito Rodr\u00edguez Herrero), el apoyo a la poblaci\u00f3n\u201d, agreg\u00f3.\u00a0<\/p>\n\n\n\n<p>El Director de Protecci\u00f3n Civil de Xalapa refiri\u00f3 que se contin\u00faa apoyando a las viviendas que se llenaron de lodo por las recientes lluvias<\/p>\n\n\n\n<p><\/p>\n","protected":false},"excerpt":{"rendered":"<p>Juan Arcos Xalapa, Ver.- Un total de 50 familias requieren ser reubicadas por los da\u00f1os que registraron sus viviendas durante las lluvias del pasado 24 de junio. As\u00ed lo dio a conocer el director de Protecci\u00f3n Civil en Xalapa, Jes\u00fas Vargas Hern\u00e1ndez, quien a\u00f1adi\u00f3 que se busca la declaratoria de desastres para la capital veracruzana [&hellip;]<\/p>\n","protected":false},"author":1,"featured_media":3833,"comment_status":"open","ping_status":"open","sticky":false,"template":"","format":"standard","meta":{"_jetpack_memberships_contains_paid_content":false,"footnotes":""},"categories":[3],"tags":[],"class_list":["post-3832","post","type-post","status-publish","format-standard","has-post-thumbnail","hentry","category-xalapa"],"jetpack_featured_media_url":"https:\/\/encuentroinformativo.com.mx\/wp-content\/uploads\/2020\/07\/C6E136C5-C368-4422-A424-E3B433767761.jpeg","jetpack_sharing_enabled":true,"jetpack_likes_enabled":true,"amp_enabled":true,"_links":{"self":[{"href":"https:\/\/encuentroinformativo.com.mx\/index.php?rest_route=\/wp\/v2\/posts\/3832","targetHints":{"allow":["GET"]}}],"collection":[{"href":"https:\/\/encuentroinformativo.com.mx\/index.php?rest_route=\/wp\/v2\/posts"}],"about":[{"href":"https:\/\/encuentroinformativo.com.mx\/index.php?rest_route=\/wp\/v2\/types\/post"}],"author":[{"embeddable":true,"href":"https:\/\/encuentroinformativo.com.mx\/index.php?rest_route=\/wp\/v2\/users\/1"}],"replies":[{"embeddable":true,"href":"https:\/\/encuentroinformativo.com.mx\/index.php?rest_route=%2Fwp%2Fv2%2Fcomments&post=3832"}],"version-history":[{"count":1,"href":"https:\/\/encuentroinformativo.com.mx\/index.php?rest_route=\/wp\/v2\/posts\/3832\/revisions"}],"predecessor-version":[{"id":3834,"href":"https:\/\/encuentroinformativo.com.mx\/index.php?rest_route=\/wp\/v2\/posts\/3832\/revisions\/3834"}],"wp:featuredmedia":[{"embeddable":true,"href":"https:\/\/encuentroinformativo.com.mx\/index.php?rest_route=\/wp\/v2\/media\/3833"}],"wp:attachment":[{"href":"https:\/\/encuentroinformativo.com.mx\/index.php?rest_route=%2Fwp%2Fv2%2Fmedia&parent=3832"}],"wp:term":[{"taxonomy":"category","embeddable":true,"href":"https:\/\/encuentroinformativo.com.mx\/index.php?rest_route=%2Fwp%2Fv2%2Fcategories&post=3832"},{"taxonomy":"post_tag","embeddable":true,"href":"https:\/\/encuentroinformativo.com.mx\/index.php?rest_route=%2Fwp%2Fv2%2Ftags&post=3832"}],"curies":[{"name":"wp","href":"https:\/\/api.w.org\/{rel}","templated":true}]}}