{"id":38320,"date":"2023-03-23T16:34:22","date_gmt":"2023-03-23T22:34:22","guid":{"rendered":"https:\/\/encuentroinformativo.com.mx\/?p=38320"},"modified":"2023-03-23T16:34:27","modified_gmt":"2023-03-23T22:34:27","slug":"gobierno-federal-le-nego-apoyo-economico-a-la-emblematica-catedral-de-veracruz","status":"publish","type":"post","link":"https:\/\/encuentroinformativo.com.mx\/?p=38320","title":{"rendered":"Gobierno federal le neg\u00f3 apoyo econ\u00f3mico a la emblematica Catedral de Veracruz"},"content":{"rendered":"\n<p><strong>Alejandro \u00c1vila<\/strong><\/p>\n\n\n\n<p>Veracruz, Ver.- El Gobierno Federal le ha negado el apoyo econ\u00f3mico a la emblem\u00e1tica Catedral Nuestra Se\u00f1ora de la Asunci\u00f3n desde el 2018, inform\u00f3 Teresa Malpica, presidenta del Patronato &#8220;Rescatemos la Catedral de Veracruz&#8221;.<\/p>\n\n\n\n<p>La benefactora inform\u00f3 que del 2007 al 2015 se invirtieron cerca de 30 millones de pesos para su rehabilitaci\u00f3n integral, apoyados con recurso Federal, Estatal y Municipal; los trabajos fueron supervisados por el Instituto Nacional de Antropolog\u00eda e Historia.<\/p>\n\n\n\n<p>Durante la administraci\u00f3n del presidente Andr\u00e9s Manuel L\u00f3pez Obrador se acudi\u00f3 al Congreso de la Uni\u00f3n para solicitar un apoyo a trav\u00e9s de Consejo Nacional para la Cultura (CONACULTA); Tere Malpica, relat\u00f3 que fue el diputado federal de Morena, Sergio Mayer quien los recibi\u00f3 en noviembre del 2018 y prometi\u00f3 un recurso de 3 millones de pesos para el mantenimiento de este recinto hist\u00f3rico del Puerto de Veracruz, el cual fue desechado por su bancada.<\/p>\n\n\n\n<p>&#8220;Ahorita de gobierno no hemos recibido apoyo, la \u00faltima vez que recibimos apoyo de CONACULTA fue en el a\u00f1o 2014, en el 2013 hicimos la solicitud y en el 2014 nos los otorgaron (\u2026) no pas\u00f3, se qued\u00f3 ah\u00ed en veremos, estuvimos con \u00e9l, muy atento, muy lindo, nos atendieron muy bien, recibieron muy bien, pero ya no pas\u00f3, cerraron todos los apoyos a este tipo de obras y nos quedamos totalmente independientes&#8221;, expres\u00f3.<\/p>\n\n\n\n<p>Tere Malpica dijo que el monto para el mantenimiento mensual de la catedral de Nuestra Se\u00f1ora de la Asunci\u00f3n var\u00eda, pues a veces son 10 mil y otra veces 80 mil lo que se necesita; este recurso se obtiene ahora a trav\u00e9s de las donaciones altruistas de la ciudadan\u00eda veracruzana.<\/p>\n","protected":false},"excerpt":{"rendered":"<p>Alejandro \u00c1vila Veracruz, Ver.- El Gobierno Federal le ha negado el apoyo econ\u00f3mico a la emblem\u00e1tica Catedral Nuestra Se\u00f1ora de la Asunci\u00f3n desde el 2018, inform\u00f3 Teresa Malpica, presidenta del Patronato &#8220;Rescatemos la Catedral de Veracruz&#8221;. La benefactora inform\u00f3 que del 2007 al 2015 se invirtieron cerca de 30 millones de pesos para su rehabilitaci\u00f3n [&hellip;]<\/p>\n","protected":false},"author":2476,"featured_media":38321,"comment_status":"open","ping_status":"open","sticky":false,"template":"","format":"standard","meta":{"_jetpack_memberships_contains_paid_content":false,"footnotes":""},"categories":[2],"tags":[],"class_list":["post-38320","post","type-post","status-publish","format-standard","has-post-thumbnail","hentry","category-estado"],"jetpack_featured_media_url":"https:\/\/encuentroinformativo.com.mx\/wp-content\/uploads\/2023\/03\/IMG-20230323-WA0083.jpg","jetpack_sharing_enabled":true,"jetpack_likes_enabled":true,"amp_enabled":true,"_links":{"self":[{"href":"https:\/\/encuentroinformativo.com.mx\/index.php?rest_route=\/wp\/v2\/posts\/38320","targetHints":{"allow":["GET"]}}],"collection":[{"href":"https:\/\/encuentroinformativo.com.mx\/index.php?rest_route=\/wp\/v2\/posts"}],"about":[{"href":"https:\/\/encuentroinformativo.com.mx\/index.php?rest_route=\/wp\/v2\/types\/post"}],"author":[{"embeddable":true,"href":"https:\/\/encuentroinformativo.com.mx\/index.php?rest_route=\/wp\/v2\/users\/2476"}],"replies":[{"embeddable":true,"href":"https:\/\/encuentroinformativo.com.mx\/index.php?rest_route=%2Fwp%2Fv2%2Fcomments&post=38320"}],"version-history":[{"count":1,"href":"https:\/\/encuentroinformativo.com.mx\/index.php?rest_route=\/wp\/v2\/posts\/38320\/revisions"}],"predecessor-version":[{"id":38322,"href":"https:\/\/encuentroinformativo.com.mx\/index.php?rest_route=\/wp\/v2\/posts\/38320\/revisions\/38322"}],"wp:featuredmedia":[{"embeddable":true,"href":"https:\/\/encuentroinformativo.com.mx\/index.php?rest_route=\/wp\/v2\/media\/38321"}],"wp:attachment":[{"href":"https:\/\/encuentroinformativo.com.mx\/index.php?rest_route=%2Fwp%2Fv2%2Fmedia&parent=38320"}],"wp:term":[{"taxonomy":"category","embeddable":true,"href":"https:\/\/encuentroinformativo.com.mx\/index.php?rest_route=%2Fwp%2Fv2%2Fcategories&post=38320"},{"taxonomy":"post_tag","embeddable":true,"href":"https:\/\/encuentroinformativo.com.mx\/index.php?rest_route=%2Fwp%2Fv2%2Ftags&post=38320"}],"curies":[{"name":"wp","href":"https:\/\/api.w.org\/{rel}","templated":true}]}}