{"id":38327,"date":"2023-03-23T17:10:04","date_gmt":"2023-03-23T23:10:04","guid":{"rendered":"https:\/\/encuentroinformativo.com.mx\/?p=38327"},"modified":"2023-03-23T17:10:07","modified_gmt":"2023-03-23T23:10:07","slug":"celebrara-ivec-150-aniversario-de-primera-linea-de-ferrocarril","status":"publish","type":"post","link":"https:\/\/encuentroinformativo.com.mx\/?p=38327","title":{"rendered":"Celebrar\u00e1 IVEC 150 Aniversario de primera l\u00ednea de ferrocarril"},"content":{"rendered":"\n<p><strong>Juan Arcos <\/strong><\/p>\n\n\n\n<p>Xalapa, Ver.- El Instituto Veracruzano de la Cultura (IVEC) participa en los festejos por el 150 aniversario de la primera l\u00ednea del ferrocarril en M\u00e9xico y presenta la exposici\u00f3n <strong>\u201cEl ferrocarril en el arte gr\u00e1fico del siglo XIX\u201d <\/strong>en el Museo de Arte del Estado de Veracruz, municipio de Orizaba.<\/p>\n\n\n\n<p>Como parte de las actividades culturales, Maricela Dorantes impartir\u00e1 la conferencia \u201cEl ferrocarril como emblema de modernidad en el acervo cultural del MAEV\u201d, el pr\u00f3ximo 31 de marzo a las 18:00 horas, en el museo mencionado.<\/p>\n\n\n\n<p>La Maestra en Historia del Arte record\u00f3 que M\u00e9xico, con la inauguraci\u00f3n de las l\u00edneas f\u00e9rreas, en 1853, se estaba sumando a las naciones progresistas, pues el ferrocarril se hab\u00eda convertido desde inicios del siglo XIX en el medio de transporte esencial para encausar a la modernidad.<\/p>\n\n\n\n<p>\u201cAs\u00ed fue como se convirti\u00f3 en punta de lanza de los cambios econ\u00f3micos, ya que de \u00e9l depend\u00edan el flujo de productos que abastec\u00edan a las grandes ciudades y manufactureras\u201d, expres\u00f3.<\/p>\n\n\n\n<p>La especialista indic\u00f3 que, en ese entonces, el territorio nacional ten\u00eda la necesidad de una infraestructura de comunicaci\u00f3n, la cual se gest\u00f3 bajo los est\u00edmulos progresista, cient\u00edfico, mercantil e industrial.<\/p>\n\n\n\n<p>\u201cAs\u00ed fue como intelectuales de la \u00e9poca visualizaron al ferrocarril como el medio en que se generar\u00eda la riqueza, la moral y la pol\u00edtica de M\u00e9xico\u201d, enfatiz\u00f3.<\/p>\n\n\n\n<p>Maricela Dorantes coment\u00f3 que el ferrocarril tambi\u00e9n ofrec\u00eda a los viajeros y comerciantes la posibilidad de adquirir mercanc\u00edas llegadas desde distintas partes de M\u00e9xico y el mundo.<\/p>\n\n\n\n<p>Estas perspectivas fueron difundidas por los diarios y obras escritas para ponderar al Ferrocarril Mexicano. Tambi\u00e9n existe una gran diversidad de pinturas, fotograf\u00edas, litograf\u00edas y grabados que se convirtieron en instrumentos para dar a conocer las obras de construcci\u00f3n del camino de fierro.<\/p>\n\n\n\n<p>La historiadora invit\u00f3 a la poblaci\u00f3n en general a acudir a su conferencia el pr\u00f3ximo 31 de marzo al Museo de Arte del Estado de Veracruz, ubicado sobre la calle Oriente 4, n\u00famero 1262, en la zona centro de Orizaba.<\/p>\n","protected":false},"excerpt":{"rendered":"<p>Juan Arcos Xalapa, Ver.- El Instituto Veracruzano de la Cultura (IVEC) participa en los festejos por el 150 aniversario de la primera l\u00ednea del ferrocarril en M\u00e9xico y presenta la exposici\u00f3n \u201cEl ferrocarril en el arte gr\u00e1fico del siglo XIX\u201d en el Museo de Arte del Estado de Veracruz, municipio de Orizaba. Como parte de [&hellip;]<\/p>\n","protected":false},"author":2476,"featured_media":38328,"comment_status":"open","ping_status":"open","sticky":false,"template":"","format":"standard","meta":{"_jetpack_memberships_contains_paid_content":false,"footnotes":""},"categories":[2],"tags":[],"class_list":["post-38327","post","type-post","status-publish","format-standard","has-post-thumbnail","hentry","category-estado"],"jetpack_featured_media_url":"https:\/\/encuentroinformativo.com.mx\/wp-content\/uploads\/2023\/03\/3dd158bb-19ce-49a9-9f9d-33761c5ee9d1.jpg","jetpack_sharing_enabled":true,"jetpack_likes_enabled":true,"amp_enabled":true,"_links":{"self":[{"href":"https:\/\/encuentroinformativo.com.mx\/index.php?rest_route=\/wp\/v2\/posts\/38327","targetHints":{"allow":["GET"]}}],"collection":[{"href":"https:\/\/encuentroinformativo.com.mx\/index.php?rest_route=\/wp\/v2\/posts"}],"about":[{"href":"https:\/\/encuentroinformativo.com.mx\/index.php?rest_route=\/wp\/v2\/types\/post"}],"author":[{"embeddable":true,"href":"https:\/\/encuentroinformativo.com.mx\/index.php?rest_route=\/wp\/v2\/users\/2476"}],"replies":[{"embeddable":true,"href":"https:\/\/encuentroinformativo.com.mx\/index.php?rest_route=%2Fwp%2Fv2%2Fcomments&post=38327"}],"version-history":[{"count":1,"href":"https:\/\/encuentroinformativo.com.mx\/index.php?rest_route=\/wp\/v2\/posts\/38327\/revisions"}],"predecessor-version":[{"id":38329,"href":"https:\/\/encuentroinformativo.com.mx\/index.php?rest_route=\/wp\/v2\/posts\/38327\/revisions\/38329"}],"wp:featuredmedia":[{"embeddable":true,"href":"https:\/\/encuentroinformativo.com.mx\/index.php?rest_route=\/wp\/v2\/media\/38328"}],"wp:attachment":[{"href":"https:\/\/encuentroinformativo.com.mx\/index.php?rest_route=%2Fwp%2Fv2%2Fmedia&parent=38327"}],"wp:term":[{"taxonomy":"category","embeddable":true,"href":"https:\/\/encuentroinformativo.com.mx\/index.php?rest_route=%2Fwp%2Fv2%2Fcategories&post=38327"},{"taxonomy":"post_tag","embeddable":true,"href":"https:\/\/encuentroinformativo.com.mx\/index.php?rest_route=%2Fwp%2Fv2%2Ftags&post=38327"}],"curies":[{"name":"wp","href":"https:\/\/api.w.org\/{rel}","templated":true}]}}