{"id":38344,"date":"2023-03-24T10:38:34","date_gmt":"2023-03-24T16:38:34","guid":{"rendered":"https:\/\/encuentroinformativo.com.mx\/?p=38344"},"modified":"2023-03-24T10:38:38","modified_gmt":"2023-03-24T16:38:38","slug":"con-desfile-celebran-estudiantes-la-primavera","status":"publish","type":"post","link":"https:\/\/encuentroinformativo.com.mx\/?p=38344","title":{"rendered":"Con desfile, celebran estudiantes la primavera"},"content":{"rendered":"\n<p><strong>Israel Garc\u00eda <\/strong><\/p>\n\n\n\n<p>Xalapa, Ver.- Este viernes las alumnas y alumnos de 1\u00b0, 2\u00b0, 3\u00b0,4\u00b0,5\u00b0 y 6\u00b0 grado, acompa\u00f1ados de maestros, de la escuela primaria Salvador D\u00edaz Mir\u00f3n reciben a la primavera, con un desfile cultural y deportivo en el parque Miguel Hidalgo y Costilla, conocido como &#8220;parque los Berros&#8221;.<\/p>\n\n\n\n<p>Padres de familia asistieron apoyando con aplausos y porras, a las ni\u00f1as y ni\u00f1os participantes de este alusivo a celebrar el inicio de la primavera.<\/p>\n\n\n\n<figure class=\"wp-block-image size-large\"><img loading=\"lazy\" decoding=\"async\" width=\"1024\" height=\"576\" src=\"https:\/\/encuentroinformativo.com.mx\/wp-content\/uploads\/2023\/03\/Photo_1679674870853-1024x576.jpg\" alt=\"\" class=\"wp-image-38346\" srcset=\"https:\/\/encuentroinformativo.com.mx\/wp-content\/uploads\/2023\/03\/Photo_1679674870853-1024x576.jpg 1024w, https:\/\/encuentroinformativo.com.mx\/wp-content\/uploads\/2023\/03\/Photo_1679674870853-300x169.jpg 300w, https:\/\/encuentroinformativo.com.mx\/wp-content\/uploads\/2023\/03\/Photo_1679674870853-768x432.jpg 768w, https:\/\/encuentroinformativo.com.mx\/wp-content\/uploads\/2023\/03\/Photo_1679674870853.jpg 1280w\" sizes=\"auto, (max-width: 1024px) 100vw, 1024px\" \/><\/figure>\n\n\n\n<figure class=\"wp-block-image size-large\"><img loading=\"lazy\" decoding=\"async\" width=\"1024\" height=\"576\" src=\"https:\/\/encuentroinformativo.com.mx\/wp-content\/uploads\/2023\/03\/Photo_1679675526885-1024x576.jpg\" alt=\"\" class=\"wp-image-38347\" srcset=\"https:\/\/encuentroinformativo.com.mx\/wp-content\/uploads\/2023\/03\/Photo_1679675526885-1024x576.jpg 1024w, https:\/\/encuentroinformativo.com.mx\/wp-content\/uploads\/2023\/03\/Photo_1679675526885-300x169.jpg 300w, https:\/\/encuentroinformativo.com.mx\/wp-content\/uploads\/2023\/03\/Photo_1679675526885-768x432.jpg 768w, https:\/\/encuentroinformativo.com.mx\/wp-content\/uploads\/2023\/03\/Photo_1679675526885.jpg 1280w\" sizes=\"auto, (max-width: 1024px) 100vw, 1024px\" \/><\/figure>\n","protected":false},"excerpt":{"rendered":"<p>Israel Garc\u00eda Xalapa, Ver.- Este viernes las alumnas y alumnos de 1\u00b0, 2\u00b0, 3\u00b0,4\u00b0,5\u00b0 y 6\u00b0 grado, acompa\u00f1ados de maestros, de la escuela primaria Salvador D\u00edaz Mir\u00f3n reciben a la primavera, con un desfile cultural y deportivo en el parque Miguel Hidalgo y Costilla, conocido como &#8220;parque los Berros&#8221;. Padres de familia asistieron apoyando con [&hellip;]<\/p>\n","protected":false},"author":2476,"featured_media":38345,"comment_status":"open","ping_status":"open","sticky":false,"template":"","format":"standard","meta":{"_jetpack_memberships_contains_paid_content":false,"footnotes":""},"categories":[3],"tags":[],"class_list":["post-38344","post","type-post","status-publish","format-standard","has-post-thumbnail","hentry","category-xalapa"],"jetpack_featured_media_url":"https:\/\/encuentroinformativo.com.mx\/wp-content\/uploads\/2023\/03\/Photo_1679675422240.jpg","jetpack_sharing_enabled":true,"jetpack_likes_enabled":true,"amp_enabled":true,"_links":{"self":[{"href":"https:\/\/encuentroinformativo.com.mx\/index.php?rest_route=\/wp\/v2\/posts\/38344","targetHints":{"allow":["GET"]}}],"collection":[{"href":"https:\/\/encuentroinformativo.com.mx\/index.php?rest_route=\/wp\/v2\/posts"}],"about":[{"href":"https:\/\/encuentroinformativo.com.mx\/index.php?rest_route=\/wp\/v2\/types\/post"}],"author":[{"embeddable":true,"href":"https:\/\/encuentroinformativo.com.mx\/index.php?rest_route=\/wp\/v2\/users\/2476"}],"replies":[{"embeddable":true,"href":"https:\/\/encuentroinformativo.com.mx\/index.php?rest_route=%2Fwp%2Fv2%2Fcomments&post=38344"}],"version-history":[{"count":1,"href":"https:\/\/encuentroinformativo.com.mx\/index.php?rest_route=\/wp\/v2\/posts\/38344\/revisions"}],"predecessor-version":[{"id":38348,"href":"https:\/\/encuentroinformativo.com.mx\/index.php?rest_route=\/wp\/v2\/posts\/38344\/revisions\/38348"}],"wp:featuredmedia":[{"embeddable":true,"href":"https:\/\/encuentroinformativo.com.mx\/index.php?rest_route=\/wp\/v2\/media\/38345"}],"wp:attachment":[{"href":"https:\/\/encuentroinformativo.com.mx\/index.php?rest_route=%2Fwp%2Fv2%2Fmedia&parent=38344"}],"wp:term":[{"taxonomy":"category","embeddable":true,"href":"https:\/\/encuentroinformativo.com.mx\/index.php?rest_route=%2Fwp%2Fv2%2Fcategories&post=38344"},{"taxonomy":"post_tag","embeddable":true,"href":"https:\/\/encuentroinformativo.com.mx\/index.php?rest_route=%2Fwp%2Fv2%2Ftags&post=38344"}],"curies":[{"name":"wp","href":"https:\/\/api.w.org\/{rel}","templated":true}]}}