{"id":38349,"date":"2023-03-24T10:51:49","date_gmt":"2023-03-24T16:51:49","guid":{"rendered":"https:\/\/encuentroinformativo.com.mx\/?p=38349"},"modified":"2023-03-24T10:51:52","modified_gmt":"2023-03-24T16:51:52","slug":"juez-da-ultimatum-para-designar-comisionados-del-inai","status":"publish","type":"post","link":"https:\/\/encuentroinformativo.com.mx\/?p=38349","title":{"rendered":"Juez da ultim\u00e1tum  para designar comisionados del INAI"},"content":{"rendered":"\n<p><strong>Alejandro \u00c1vila<\/strong><\/p>\n\n\n\n<p>Veracruz, Ver.- El legislador veracruzano, Julen Rementer\u00eda del Puerto, lament\u00f3 el ultim\u00e1tum que dio un Juez Federal al Senado de la Rep\u00fablica para elegir a los comisionados del Instituto Nacional de Acceso a la Informaci\u00f3n (INAI).<\/p>\n\n\n\n<p>La noche de este jueves se dio a conocer que la C\u00e1mara Alta tiene un m\u00e1ximo de tres d\u00edas para designar a los dos nuevos comisionados del INAI; ante esta situaci\u00f3n, el veracruzano dijo que su Grupo Parlamentario est\u00e1 listo para acatar dicha orden y as\u00ed el organismo no paralice sus funciones.<\/p>\n\n\n\n<p>\u201cEs lamentable que una Jueza nuevamente tenga que venir a corregirle la plana a Morena, gracias a la nula voluntad del Presidente de la Rep\u00fablica y su partido para designar a los comisionados del INAI. En el PAN estamos listos para designarlos ya, porque el organismo no puede quedar paralizado, cuando los nombramientos se debieron hacer desde abril del a\u00f1o pasado\u201d, declar\u00f3.<\/p>\n\n\n\n<p>Rementer\u00eda del Puerto destac\u00f3 que, posterior al veto que hizo el Ejecutivo federal la semana pasada, los Senadores ten\u00edan que elegir a los pr\u00f3ximos comisionados antes de que concluya el mes y se ha seguido postergando sin saber por qu\u00e9.<\/p>\n\n\n\n<p>\u201cEstamos casi a una semana de que el organismo quede con cuatro comisionados, y no se ha llegado a ning\u00fan acuerdo por el partido mayoritario, y esto no permitir\u00eda cumplir con lo se\u00f1alado y el INAI no tendr\u00eda sesiones v\u00e1lidas, por no alcanzar el qu\u00f3rum necesario, cuando les hemos reiterado que urge designar a los pr\u00f3ximos comisionados\u201d, apunt\u00f3.<\/p>\n\n\n\n<p>Cabe destacar que este jueves el Juzgado D\u00e9cimo S\u00e9ptimo de Distrito en Materia Administrativa de la Ciudad de M\u00e9xico, requiri\u00f3 a la Mesa Directiva y a la Junta de Coordinaci\u00f3n Pol\u00edtica (Jucopo) de la C\u00e1mara Alta, informar sin evasivas, si hab\u00eda cumplido con una determinaci\u00f3n que lo obligaba a designar a dos comisionados del INAI, lo que debi\u00f3 hacer desde el a\u00f1o pasado, as\u00ed como tambi\u00e9n solicit\u00f3 a la Mesa Directiva, el oficio girado por la Secretar\u00eda de Gobernaci\u00f3n, en el que se inform\u00f3 respecto a la objeci\u00f3n que el Presidente hizo, el 15 de marzo de 2023, de los nombramientos de Rafael Luna Alviso y Ana Yadira Alarc\u00f3n M\u00e1rquez, record\u00f3.&nbsp;<\/p>\n\n\n\n<p>\u201cNo es posible que nos tengan que enviar ultim\u00e1tums para hacer nuestro trabajo a destiempo, Morena no entiende que sin transparencia no puede haber democracia, si se dicen diferentes que lo demuestren, porque los mexicanos queremos cuentas claras y no s\u00f3lo pan y circo\u201d, concluy\u00f3.<\/p>\n","protected":false},"excerpt":{"rendered":"<p>Alejandro \u00c1vila Veracruz, Ver.- El legislador veracruzano, Julen Rementer\u00eda del Puerto, lament\u00f3 el ultim\u00e1tum que dio un Juez Federal al Senado de la Rep\u00fablica para elegir a los comisionados del Instituto Nacional de Acceso a la Informaci\u00f3n (INAI). La noche de este jueves se dio a conocer que la C\u00e1mara Alta tiene un m\u00e1ximo de [&hellip;]<\/p>\n","protected":false},"author":2476,"featured_media":38350,"comment_status":"open","ping_status":"open","sticky":false,"template":"","format":"standard","meta":{"_jetpack_memberships_contains_paid_content":false,"footnotes":""},"categories":[12],"tags":[],"class_list":["post-38349","post","type-post","status-publish","format-standard","has-post-thumbnail","hentry","category-nacional"],"jetpack_featured_media_url":"https:\/\/encuentroinformativo.com.mx\/wp-content\/uploads\/2023\/03\/IMG-20230324-WA0034.jpg","jetpack_sharing_enabled":true,"jetpack_likes_enabled":true,"amp_enabled":true,"_links":{"self":[{"href":"https:\/\/encuentroinformativo.com.mx\/index.php?rest_route=\/wp\/v2\/posts\/38349","targetHints":{"allow":["GET"]}}],"collection":[{"href":"https:\/\/encuentroinformativo.com.mx\/index.php?rest_route=\/wp\/v2\/posts"}],"about":[{"href":"https:\/\/encuentroinformativo.com.mx\/index.php?rest_route=\/wp\/v2\/types\/post"}],"author":[{"embeddable":true,"href":"https:\/\/encuentroinformativo.com.mx\/index.php?rest_route=\/wp\/v2\/users\/2476"}],"replies":[{"embeddable":true,"href":"https:\/\/encuentroinformativo.com.mx\/index.php?rest_route=%2Fwp%2Fv2%2Fcomments&post=38349"}],"version-history":[{"count":1,"href":"https:\/\/encuentroinformativo.com.mx\/index.php?rest_route=\/wp\/v2\/posts\/38349\/revisions"}],"predecessor-version":[{"id":38351,"href":"https:\/\/encuentroinformativo.com.mx\/index.php?rest_route=\/wp\/v2\/posts\/38349\/revisions\/38351"}],"wp:featuredmedia":[{"embeddable":true,"href":"https:\/\/encuentroinformativo.com.mx\/index.php?rest_route=\/wp\/v2\/media\/38350"}],"wp:attachment":[{"href":"https:\/\/encuentroinformativo.com.mx\/index.php?rest_route=%2Fwp%2Fv2%2Fmedia&parent=38349"}],"wp:term":[{"taxonomy":"category","embeddable":true,"href":"https:\/\/encuentroinformativo.com.mx\/index.php?rest_route=%2Fwp%2Fv2%2Fcategories&post=38349"},{"taxonomy":"post_tag","embeddable":true,"href":"https:\/\/encuentroinformativo.com.mx\/index.php?rest_route=%2Fwp%2Fv2%2Ftags&post=38349"}],"curies":[{"name":"wp","href":"https:\/\/api.w.org\/{rel}","templated":true}]}}