{"id":3835,"date":"2020-07-03T15:12:36","date_gmt":"2020-07-03T20:12:36","guid":{"rendered":"https:\/\/encuentroinformativo.com\/?p=3835"},"modified":"2020-07-03T15:12:38","modified_gmt":"2020-07-03T20:12:38","slug":"identificados-responsables-de-actos-vandalicos-afirma-secretario","status":"publish","type":"post","link":"https:\/\/encuentroinformativo.com.mx\/?p=3835","title":{"rendered":"Identificados responsables de actos vand\u00e1licos, afirma secretario"},"content":{"rendered":"\n<p><strong>Dar\u00edo Pale<\/strong><\/p>\n\n\n\n<p>Xalapa, Ver.- El Secretario de Seguridad P\u00fablica Hugo Guti\u00e9rrez Maldonado dio a conocer que en los pr\u00f3ximos d\u00edas podr\u00eda haber cerca de 10 personas detenidas por haber ocasionado da\u00f1os en comercios e instituciones p\u00fablicas y privadas durante una protesta violenta el pasado ocho de junio.<\/p>\n\n\n\n<p>Lo anterior de debe a que tienen identificados por lo menos a 10 presuntos responsables, hombres y mujeres, a quienes se les reconoci\u00f3 por medio del sistema de videovigilancia que existe en la ciudad, adem\u00e1s de que la Fiscal\u00eda General del Estado obtuvo otras identidades por medio de la investigaci\u00f3n realizada por agentes ministeriales.<\/p>\n\n\n\n<p>Manifest\u00f3 que los causantes de los destrozos ocasionados en comercios, templos religiosos e instituciones p\u00fablicas y privadas tendr\u00e1n que responder por los daos ocasionados y que se act\u00faa como consecuencia de las denuncias presentadas por los afectados.<\/p>\n\n\n\n<p>Indic\u00f3 que personal de la Secretar\u00eda de Seguridad P\u00fablica ha realizado un minucioso trabajo de seguimiento y an\u00e1lisis de videos del sistema de videovigilancia, mismos que entreg\u00f3 como prueba a la Fiscal\u00eda General del Estado con la finalidad de que profundizara en las investigaciones, motivo por el cual podr\u00eda haber detenciones en los pr\u00f3ximos d\u00edas.<\/p>\n\n\n\n<p>Hugo Guti\u00e9rrez Maldonado exhort\u00f3 a la poblaci\u00f3n a no realizar marchas violentas, ni organizarlas o convocarlas para causar disturbios para de esta manera evitar problemas con las autoridades.<\/p>\n\n\n\n<p>Finalmente dijo que las manifestaciones pac\u00edficas y con sustento siempre ser\u00e1n respetadas y atendidas con oportunidad.<\/p>\n\n\n\n<p><\/p>\n","protected":false},"excerpt":{"rendered":"<p>Dar\u00edo Pale Xalapa, Ver.- El Secretario de Seguridad P\u00fablica Hugo Guti\u00e9rrez Maldonado dio a conocer que en los pr\u00f3ximos d\u00edas podr\u00eda haber cerca de 10 personas detenidas por haber ocasionado da\u00f1os en comercios e instituciones p\u00fablicas y privadas durante una protesta violenta el pasado ocho de junio. Lo anterior de debe a que tienen identificados [&hellip;]<\/p>\n","protected":false},"author":1,"featured_media":3836,"comment_status":"open","ping_status":"open","sticky":false,"template":"","format":"standard","meta":{"_jetpack_memberships_contains_paid_content":false,"footnotes":""},"categories":[2],"tags":[],"class_list":["post-3835","post","type-post","status-publish","format-standard","has-post-thumbnail","hentry","category-estado"],"jetpack_featured_media_url":"https:\/\/encuentroinformativo.com.mx\/wp-content\/uploads\/2020\/07\/4EB34E65-AD82-4A66-8768-D8E1087D2CE1.jpeg","jetpack_sharing_enabled":true,"jetpack_likes_enabled":true,"amp_enabled":true,"_links":{"self":[{"href":"https:\/\/encuentroinformativo.com.mx\/index.php?rest_route=\/wp\/v2\/posts\/3835","targetHints":{"allow":["GET"]}}],"collection":[{"href":"https:\/\/encuentroinformativo.com.mx\/index.php?rest_route=\/wp\/v2\/posts"}],"about":[{"href":"https:\/\/encuentroinformativo.com.mx\/index.php?rest_route=\/wp\/v2\/types\/post"}],"author":[{"embeddable":true,"href":"https:\/\/encuentroinformativo.com.mx\/index.php?rest_route=\/wp\/v2\/users\/1"}],"replies":[{"embeddable":true,"href":"https:\/\/encuentroinformativo.com.mx\/index.php?rest_route=%2Fwp%2Fv2%2Fcomments&post=3835"}],"version-history":[{"count":1,"href":"https:\/\/encuentroinformativo.com.mx\/index.php?rest_route=\/wp\/v2\/posts\/3835\/revisions"}],"predecessor-version":[{"id":3837,"href":"https:\/\/encuentroinformativo.com.mx\/index.php?rest_route=\/wp\/v2\/posts\/3835\/revisions\/3837"}],"wp:featuredmedia":[{"embeddable":true,"href":"https:\/\/encuentroinformativo.com.mx\/index.php?rest_route=\/wp\/v2\/media\/3836"}],"wp:attachment":[{"href":"https:\/\/encuentroinformativo.com.mx\/index.php?rest_route=%2Fwp%2Fv2%2Fmedia&parent=3835"}],"wp:term":[{"taxonomy":"category","embeddable":true,"href":"https:\/\/encuentroinformativo.com.mx\/index.php?rest_route=%2Fwp%2Fv2%2Fcategories&post=3835"},{"taxonomy":"post_tag","embeddable":true,"href":"https:\/\/encuentroinformativo.com.mx\/index.php?rest_route=%2Fwp%2Fv2%2Ftags&post=3835"}],"curies":[{"name":"wp","href":"https:\/\/api.w.org\/{rel}","templated":true}]}}