{"id":38352,"date":"2023-03-24T11:49:19","date_gmt":"2023-03-24T17:49:19","guid":{"rendered":"https:\/\/encuentroinformativo.com.mx\/?p=38352"},"modified":"2023-03-24T11:49:24","modified_gmt":"2023-03-24T17:49:24","slug":"en-protesta-viudas-de-ex-trabajadores-de-tamsa-colocan-ataudes-en-fiscalia-regional","status":"publish","type":"post","link":"https:\/\/encuentroinformativo.com.mx\/?p=38352","title":{"rendered":"En protesta, viudas de ex trabajadores de Tamsa colocan ata\u00fades en Fiscal\u00eda Regional"},"content":{"rendered":"\n<p><strong>Alejandro \u00c1vila<\/strong><\/p>\n\n\n\n<p>Veracruz, Ver.- Viudas de los ex trabajadores de Tamsa asesinados hace 6 a\u00f1os se manifestaron a las afueras de la Fiscal\u00eda Regional de Veracruz ubicada en la colonia Las Bajadas.<\/p>\n\n\n\n<p>A su llegada colocaron ata\u00fades a las afueras del inmueble y exigieron justicia por los hechos ocurridos, en los cuales aseguran contin\u00faa la impunidad.<\/p>\n\n\n\n<p>Entre los reclamos, solicitaron la renuncia del Fiscal a cargo del caso, ya que a decir de los deudos, hace algunos meses les informaron que las pruebas contra los presuntos responsables del ataque se encuentran extraviadas; por lo que, informaron, en pr\u00f3ximos d\u00edas presentar\u00e1n la denuncia formal por falta de un deber legal.<\/p>\n\n\n\n<p>En su recorrido para llegar a la Fiscal\u00eda los compa\u00f1eros de los dos trabajadores asesinados cargaron dos ata\u00fades en s\u00edmbolo de protesta, las viudas vest\u00edan de negro, portando veladoras y flores en memoria de los difuntos.&nbsp;<\/p>\n\n\n\n<p>El 24 de marzo&nbsp; de 2017 se registr\u00f3&nbsp; un enfrentamiento entre dos grupos de trabajadores de la empresa&nbsp; Tamsa en Veracruz, que dej\u00f3 como saldo dos personas muertas y una veintena de heridos.&nbsp;<\/p>\n\n\n\n<p>La se\u00f1ora \u00c1ngeles Cruz Valencia hija&nbsp; de una de las v\u00edctimas acus\u00f3 que a seis a\u00f1os del suceso, no se ha resuelto la reparaci\u00f3n de da\u00f1os, adem\u00e1s no hay detenidos, ni procesados por los hechos b\u00e9licos.<\/p>\n\n\n\n<p>\u201cExtraviaron pruebas que eran para vincular a proceso a C\u00e1ndido Canseco, seg\u00fan ellos se les perdieron, como van a perder algo importante (\u2026) apenas hace tres meses dijeron que hab\u00edan perdido esas hojas, o sea c\u00f3mo van a perder esas hojas, son unos corruptos, son unos ineptos (\u2026) claro, metieron dinero, los \u00fanicos que tienen justicias son los que tienen dinero, uno que no&nbsp; tiene nada lo dejan ah\u00ed a la deriva (\u2026) Pascual Lagunes y C\u00e1ndido Canseco y el autor intelectual, porque \u00e9l era el l\u00edder sindical de ah\u00ed\u201d acus\u00f3.&nbsp;<\/p>\n\n\n\n<p>Los hechos violentos en el que se registraron balazos, ocurrieron tras la toma de las instalaciones de la compa\u00f1\u00eda por parte de un grupo de integrantes del Sindicato Nacional Unidad y Progreso (SNUP) de Tenaris-Tamsa, en la sede industrial de la ciudad de Boca del R\u00edo.<\/p>\n","protected":false},"excerpt":{"rendered":"<p>Alejandro \u00c1vila Veracruz, Ver.- Viudas de los ex trabajadores de Tamsa asesinados hace 6 a\u00f1os se manifestaron a las afueras de la Fiscal\u00eda Regional de Veracruz ubicada en la colonia Las Bajadas. A su llegada colocaron ata\u00fades a las afueras del inmueble y exigieron justicia por los hechos ocurridos, en los cuales aseguran contin\u00faa la [&hellip;]<\/p>\n","protected":false},"author":2476,"featured_media":38353,"comment_status":"open","ping_status":"open","sticky":false,"template":"","format":"standard","meta":{"_jetpack_memberships_contains_paid_content":false,"footnotes":""},"categories":[2],"tags":[],"class_list":["post-38352","post","type-post","status-publish","format-standard","has-post-thumbnail","hentry","category-estado"],"jetpack_featured_media_url":"https:\/\/encuentroinformativo.com.mx\/wp-content\/uploads\/2023\/03\/IMG-20230324-WA0046.jpg","jetpack_sharing_enabled":true,"jetpack_likes_enabled":true,"amp_enabled":true,"_links":{"self":[{"href":"https:\/\/encuentroinformativo.com.mx\/index.php?rest_route=\/wp\/v2\/posts\/38352","targetHints":{"allow":["GET"]}}],"collection":[{"href":"https:\/\/encuentroinformativo.com.mx\/index.php?rest_route=\/wp\/v2\/posts"}],"about":[{"href":"https:\/\/encuentroinformativo.com.mx\/index.php?rest_route=\/wp\/v2\/types\/post"}],"author":[{"embeddable":true,"href":"https:\/\/encuentroinformativo.com.mx\/index.php?rest_route=\/wp\/v2\/users\/2476"}],"replies":[{"embeddable":true,"href":"https:\/\/encuentroinformativo.com.mx\/index.php?rest_route=%2Fwp%2Fv2%2Fcomments&post=38352"}],"version-history":[{"count":1,"href":"https:\/\/encuentroinformativo.com.mx\/index.php?rest_route=\/wp\/v2\/posts\/38352\/revisions"}],"predecessor-version":[{"id":38354,"href":"https:\/\/encuentroinformativo.com.mx\/index.php?rest_route=\/wp\/v2\/posts\/38352\/revisions\/38354"}],"wp:featuredmedia":[{"embeddable":true,"href":"https:\/\/encuentroinformativo.com.mx\/index.php?rest_route=\/wp\/v2\/media\/38353"}],"wp:attachment":[{"href":"https:\/\/encuentroinformativo.com.mx\/index.php?rest_route=%2Fwp%2Fv2%2Fmedia&parent=38352"}],"wp:term":[{"taxonomy":"category","embeddable":true,"href":"https:\/\/encuentroinformativo.com.mx\/index.php?rest_route=%2Fwp%2Fv2%2Fcategories&post=38352"},{"taxonomy":"post_tag","embeddable":true,"href":"https:\/\/encuentroinformativo.com.mx\/index.php?rest_route=%2Fwp%2Fv2%2Ftags&post=38352"}],"curies":[{"name":"wp","href":"https:\/\/api.w.org\/{rel}","templated":true}]}}