{"id":38355,"date":"2023-03-24T12:37:23","date_gmt":"2023-03-24T18:37:23","guid":{"rendered":"https:\/\/encuentroinformativo.com.mx\/?p=38355"},"modified":"2023-03-24T12:37:27","modified_gmt":"2023-03-24T18:37:27","slug":"aumentan-casos-de-acoso-en-arquitectura-uv-denuncian","status":"publish","type":"post","link":"https:\/\/encuentroinformativo.com.mx\/?p=38355","title":{"rendered":"Aumentan casos de acoso en Arquitectura UV, denuncian"},"content":{"rendered":"\n<p><strong>Juan Arcos <\/strong><\/p>\n\n\n\n<p>Xalapa, Ver.- En la Facultad de Arquitectura de la Universidad Veracruzana (UV), en esta ciudad de Xalapa, fue colocado el tendedero del acoso, para denunciar que los casos de violencia sexual han aumentado durante las \u00faltimas semanas, despu\u00e9s de las protestas del 8 de marzo, D\u00eda Internacional de las Mujeres.<\/p>\n\n\n\n<p>Las alumnas se\u00f1alaron que el docente Francisco Fino Morales hostiga sexualmente a las estudiantes y las intimida para que no denuncien o digan algo en su contra.<\/p>\n\n\n\n<p>Adem\u00e1s, comentaron que muchas alumnas y egresadas han sido v\u00edctimas desde hace varios a\u00f1os, y por ello es necesaria su expulsi\u00f3n de la m\u00e1xima casa de estudios del estado.<\/p>\n\n\n\n<p>Una de las v\u00edctimas, quien solicit\u00f3 el anonimato, dio a conocer que se analiza la posibilidad de presentar una denuncia penal contra el acad\u00e9mico.<\/p>\n\n\n\n<p>Mencion\u00f3 que una de las medidas cautelares de protecci\u00f3n que implement\u00f3 la UV fue darla de baja de las materias que tomaba con dicho profesor.<\/p>\n\n\n\n<p>\u201cDentro de la universidad s\u00ed me siento segura, afuera de la universidad siento incertidumbre. Se prolong\u00f3 mi plan acad\u00e9mico, me vi afectada el a\u00f1o pasado cuando ten\u00eda una clase con \u00e9l, cre\u00ed que iba a reprobar porque nos dec\u00eda: si quieres pasar conmigo, te acuestas conmigo o presentas proyecto final\u201d, indic\u00f3.<\/p>\n\n\n\n<p>La afectada coment\u00f3 que se ha planteado una solicitud para que el acad\u00e9mico sea suspendido mientras se lleva a cabo el proceso correspondiente por dichos se\u00f1alamientos; sin embargo, por cuestiones laborales y sindicales, esto no ha sido posible.<\/p>\n\n\n\n<p>\u201cPorque \u00e9l tambi\u00e9n es persona y tiene derechos laborales. De Rector\u00eda nadie se ha acercado a m\u00ed, s\u00f3lo de la unidad de g\u00e9nero, la licenciada Anabel Ojeda\u201d, a\u00f1adi\u00f3.<\/p>\n\n\n\n<p>La coordinadora de la Unidad de G\u00e9nero de la Universidad Veracruzana (UV), Anabel Ojeda Guti\u00e9rrez, admiti\u00f3 que han aumentado las quejas por estos casos.<\/p>\n\n\n\n<p>Tras los se\u00f1alamientos contra el acad\u00e9mico fue levantada un acta, en espera de que haya una sanci\u00f3n contundente para evitar que contin\u00faen estos casos.<\/p>\n","protected":false},"excerpt":{"rendered":"<p>Juan Arcos Xalapa, Ver.- En la Facultad de Arquitectura de la Universidad Veracruzana (UV), en esta ciudad de Xalapa, fue colocado el tendedero del acoso, para denunciar que los casos de violencia sexual han aumentado durante las \u00faltimas semanas, despu\u00e9s de las protestas del 8 de marzo, D\u00eda Internacional de las Mujeres. Las alumnas se\u00f1alaron [&hellip;]<\/p>\n","protected":false},"author":2476,"featured_media":38356,"comment_status":"open","ping_status":"open","sticky":false,"template":"","format":"standard","meta":{"_jetpack_memberships_contains_paid_content":false,"footnotes":""},"categories":[2],"tags":[],"class_list":["post-38355","post","type-post","status-publish","format-standard","has-post-thumbnail","hentry","category-estado"],"jetpack_featured_media_url":"https:\/\/encuentroinformativo.com.mx\/wp-content\/uploads\/2023\/03\/IMG_8076.jpg","jetpack_sharing_enabled":true,"jetpack_likes_enabled":true,"amp_enabled":true,"_links":{"self":[{"href":"https:\/\/encuentroinformativo.com.mx\/index.php?rest_route=\/wp\/v2\/posts\/38355","targetHints":{"allow":["GET"]}}],"collection":[{"href":"https:\/\/encuentroinformativo.com.mx\/index.php?rest_route=\/wp\/v2\/posts"}],"about":[{"href":"https:\/\/encuentroinformativo.com.mx\/index.php?rest_route=\/wp\/v2\/types\/post"}],"author":[{"embeddable":true,"href":"https:\/\/encuentroinformativo.com.mx\/index.php?rest_route=\/wp\/v2\/users\/2476"}],"replies":[{"embeddable":true,"href":"https:\/\/encuentroinformativo.com.mx\/index.php?rest_route=%2Fwp%2Fv2%2Fcomments&post=38355"}],"version-history":[{"count":1,"href":"https:\/\/encuentroinformativo.com.mx\/index.php?rest_route=\/wp\/v2\/posts\/38355\/revisions"}],"predecessor-version":[{"id":38357,"href":"https:\/\/encuentroinformativo.com.mx\/index.php?rest_route=\/wp\/v2\/posts\/38355\/revisions\/38357"}],"wp:featuredmedia":[{"embeddable":true,"href":"https:\/\/encuentroinformativo.com.mx\/index.php?rest_route=\/wp\/v2\/media\/38356"}],"wp:attachment":[{"href":"https:\/\/encuentroinformativo.com.mx\/index.php?rest_route=%2Fwp%2Fv2%2Fmedia&parent=38355"}],"wp:term":[{"taxonomy":"category","embeddable":true,"href":"https:\/\/encuentroinformativo.com.mx\/index.php?rest_route=%2Fwp%2Fv2%2Fcategories&post=38355"},{"taxonomy":"post_tag","embeddable":true,"href":"https:\/\/encuentroinformativo.com.mx\/index.php?rest_route=%2Fwp%2Fv2%2Ftags&post=38355"}],"curies":[{"name":"wp","href":"https:\/\/api.w.org\/{rel}","templated":true}]}}