{"id":38358,"date":"2023-03-24T13:02:03","date_gmt":"2023-03-24T19:02:03","guid":{"rendered":"https:\/\/encuentroinformativo.com.mx\/?p=38358"},"modified":"2023-03-24T13:02:06","modified_gmt":"2023-03-24T19:02:06","slug":"promueven-activistas-trans-ley-de-cambio-de-identidad","status":"publish","type":"post","link":"https:\/\/encuentroinformativo.com.mx\/?p=38358","title":{"rendered":"Promueven activistas trans Ley de Cambio de Identidad"},"content":{"rendered":"\n<p><strong>Juan Arcos <\/strong><\/p>\n\n\n\n<p>Xalapa, Ver.- La activista transexual mexicana Kenya Cuevas inici\u00f3 una ruta de trabajo legislativo en Veracruz para que sea avalada la Ley de Cambio de Identidad, con el objetivo de que las personas transexuales puedan modificar su nombre.<\/p>\n\n\n\n<p>En su visita a esta ciudad de Xalapa, la fundadora de la asociaci\u00f3n civil <strong>Casa de las Mu\u00f1ecas Tiresias<\/strong> destac\u00f3 que debe entrar en vigor un decreto para modificar el Reglamento del Registro Civil.<\/p>\n\n\n\n<p>\u201cHemos visto y observado que en el estado de Veracruz todav\u00eda no est\u00e1 la ley de cambio de identidad. Lo que queremos es que se reconozca a trav\u00e9s de un acta primigenia la nueva identidad con la cual estamos peleando que se nos reconozca en todo momento\u201d, refiri\u00f3.<\/p>\n\n\n\n<p>Con lo anterior, Veracruz se convertir\u00eda en la entidad n\u00famero 21 que permitir\u00eda el cambio de identidad a trav\u00e9s de un acta primigenia.<\/p>\n\n\n\n<p>\u201cLa verdad es que ni deber\u00edamos de pelear por una ley pero lo estamos haciendo porque necesitamos este reconocimiento para poder acceder a estos derechos y que se reconozcan las problem\u00e1ticas interseccionales que enfrentamos las personas trans\u201d, agreg\u00f3.<br>Record\u00f3 que M\u00e9xico ocupa el segundo lugar mundial, despu\u00e9s de Brasil, con m\u00e1s cr\u00edmenes de odio por homofobia y transfobia.<\/p>\n\n\n\n<p>Kenya Cuevas detall\u00f3 que en el 85 por ciento de esos casos las v\u00edctimas eran personas transexuales. Adem\u00e1s, enfatiz\u00f3 que Veracruz ocupa uno de los primeros lugares a nivel nacional con m\u00e1s transfeminicidios.<\/p>\n\n\n\n<p>\u201cVeracruz est\u00e1 en el segundo o tercer con m\u00e1s transfeminicidios. Estamos preocupadas porque este impacto de la violencia generalizada y normalizada que todav\u00eda enfrentamos las personas trans, la seguimos cabildeando y viendo las respuestas tambi\u00e9n. Por eso es que estamos acompa\u00f1ando a las mujeres en sus cambios de identidad y al rescate de sus derechos para que tengan bases m\u00e1s concretas y m\u00e1s oportunidades de vida\u201d, enfatiz\u00f3.<\/p>\n\n\n\n<p>Kenya Cuevas ha capacitado a 12 instituciones p\u00fablicas en el estado de Veracruz sobre los derechos de la diversidad sexual, para evitar que haya discriminaci\u00f3n y violencia contra este sector poblacional.<\/p>\n","protected":false},"excerpt":{"rendered":"<p>Juan Arcos Xalapa, Ver.- La activista transexual mexicana Kenya Cuevas inici\u00f3 una ruta de trabajo legislativo en Veracruz para que sea avalada la Ley de Cambio de Identidad, con el objetivo de que las personas transexuales puedan modificar su nombre. En su visita a esta ciudad de Xalapa, la fundadora de la asociaci\u00f3n civil Casa [&hellip;]<\/p>\n","protected":false},"author":2476,"featured_media":38359,"comment_status":"open","ping_status":"open","sticky":false,"template":"","format":"standard","meta":{"_jetpack_memberships_contains_paid_content":false,"footnotes":""},"categories":[2],"tags":[],"class_list":["post-38358","post","type-post","status-publish","format-standard","has-post-thumbnail","hentry","category-estado"],"jetpack_featured_media_url":"https:\/\/encuentroinformativo.com.mx\/wp-content\/uploads\/2023\/03\/IMG_8128.jpg","jetpack_sharing_enabled":true,"jetpack_likes_enabled":true,"amp_enabled":true,"_links":{"self":[{"href":"https:\/\/encuentroinformativo.com.mx\/index.php?rest_route=\/wp\/v2\/posts\/38358","targetHints":{"allow":["GET"]}}],"collection":[{"href":"https:\/\/encuentroinformativo.com.mx\/index.php?rest_route=\/wp\/v2\/posts"}],"about":[{"href":"https:\/\/encuentroinformativo.com.mx\/index.php?rest_route=\/wp\/v2\/types\/post"}],"author":[{"embeddable":true,"href":"https:\/\/encuentroinformativo.com.mx\/index.php?rest_route=\/wp\/v2\/users\/2476"}],"replies":[{"embeddable":true,"href":"https:\/\/encuentroinformativo.com.mx\/index.php?rest_route=%2Fwp%2Fv2%2Fcomments&post=38358"}],"version-history":[{"count":1,"href":"https:\/\/encuentroinformativo.com.mx\/index.php?rest_route=\/wp\/v2\/posts\/38358\/revisions"}],"predecessor-version":[{"id":38360,"href":"https:\/\/encuentroinformativo.com.mx\/index.php?rest_route=\/wp\/v2\/posts\/38358\/revisions\/38360"}],"wp:featuredmedia":[{"embeddable":true,"href":"https:\/\/encuentroinformativo.com.mx\/index.php?rest_route=\/wp\/v2\/media\/38359"}],"wp:attachment":[{"href":"https:\/\/encuentroinformativo.com.mx\/index.php?rest_route=%2Fwp%2Fv2%2Fmedia&parent=38358"}],"wp:term":[{"taxonomy":"category","embeddable":true,"href":"https:\/\/encuentroinformativo.com.mx\/index.php?rest_route=%2Fwp%2Fv2%2Fcategories&post=38358"},{"taxonomy":"post_tag","embeddable":true,"href":"https:\/\/encuentroinformativo.com.mx\/index.php?rest_route=%2Fwp%2Fv2%2Ftags&post=38358"}],"curies":[{"name":"wp","href":"https:\/\/api.w.org\/{rel}","templated":true}]}}