{"id":38372,"date":"2023-03-24T14:20:50","date_gmt":"2023-03-24T20:20:50","guid":{"rendered":"https:\/\/encuentroinformativo.com.mx\/?p=38372"},"modified":"2023-03-24T14:20:55","modified_gmt":"2023-03-24T20:20:55","slug":"alvarado-clausura-playa-la-cava-durante-semana-santa","status":"publish","type":"post","link":"https:\/\/encuentroinformativo.com.mx\/?p=38372","title":{"rendered":"Alvarado clausura playa La Cava durante Semana Santa"},"content":{"rendered":"\n<p><strong>Alejandro \u00c1vila<\/strong><\/p>\n\n\n\n<p>Veracruz, Ver.- La playa La Cava ubicada en la cabecera municipal de Alvarado quedar\u00e1 clausurada durante la temporada de Semana Santa para el nado de cualquier visitante, inform\u00f3 Daniel Romero, director de Protecci\u00f3n Civil Municipal.<\/p>\n\n\n\n<p>Es de recordar que en la mencionada playa se encuentra varada la embarcaci\u00f3n rusa Enchanted Capri desde el 2020, misma que se ha vuelto un atractivo tur\u00edstico; sin embargo, debido a los remolinos que se ocasionan por la presencia del crucero, ya han tenido que realizar tres rescates marinos.<\/p>\n\n\n\n<p>El funcionario municipal dijo que los interesados en ba\u00f1arse en las playas de la cabecera municipal de Alvarado tendr\u00e1n que acudir a La Trocha.<\/p>\n\n\n\n<p>&#8220;\u00bfPor qu\u00e9 no se puede ingresar?, porque se hacen vados ah\u00ed, como el barco ya encall\u00f3 hacen corrientes, \u00bfy qu\u00e9 pasa?, hacen pozas, ya hemos tenido tres rescates en lo que va de esta administraci\u00f3n, afortunadamente saldo blanco, las autoridades han actuado de manera muy r\u00e1pida y no hemos tenido decesos, pero s\u00ed estamos en constante monitoreo&#8221;, expres\u00f3.<\/p>\n\n\n\n<p>El director de Protecci\u00f3n Civil, Daniel Romero, se\u00f1al\u00f3 que el municipio cuenta con ocho playas, de las cuales para la Semana Santa solo van a estar habilitadas tres, de estas, las de mayor afluencia son las ubicadas en las localidades de Ant\u00f3n Lizardo y Mata de Uva.<\/p>\n\n\n\n<p>En todas las playas el personal de Protecci\u00f3n Civil estar\u00e1 auxiliado por guardavidas de la Secretar\u00eda de Marina, el horario de visita para los ba\u00f1istas ser\u00e1 de las 8 de la ma\u00f1ana a las 6 de la tarde.<\/p>\n","protected":false},"excerpt":{"rendered":"<p>Alejandro \u00c1vila Veracruz, Ver.- La playa La Cava ubicada en la cabecera municipal de Alvarado quedar\u00e1 clausurada durante la temporada de Semana Santa para el nado de cualquier visitante, inform\u00f3 Daniel Romero, director de Protecci\u00f3n Civil Municipal. Es de recordar que en la mencionada playa se encuentra varada la embarcaci\u00f3n rusa Enchanted Capri desde el [&hellip;]<\/p>\n","protected":false},"author":2476,"featured_media":38373,"comment_status":"open","ping_status":"open","sticky":false,"template":"","format":"standard","meta":{"_jetpack_memberships_contains_paid_content":false,"footnotes":""},"categories":[2],"tags":[],"class_list":["post-38372","post","type-post","status-publish","format-standard","has-post-thumbnail","hentry","category-estado"],"jetpack_featured_media_url":"https:\/\/encuentroinformativo.com.mx\/wp-content\/uploads\/2023\/03\/IMG-20230324-WA0052.jpg","jetpack_sharing_enabled":true,"jetpack_likes_enabled":true,"amp_enabled":true,"_links":{"self":[{"href":"https:\/\/encuentroinformativo.com.mx\/index.php?rest_route=\/wp\/v2\/posts\/38372","targetHints":{"allow":["GET"]}}],"collection":[{"href":"https:\/\/encuentroinformativo.com.mx\/index.php?rest_route=\/wp\/v2\/posts"}],"about":[{"href":"https:\/\/encuentroinformativo.com.mx\/index.php?rest_route=\/wp\/v2\/types\/post"}],"author":[{"embeddable":true,"href":"https:\/\/encuentroinformativo.com.mx\/index.php?rest_route=\/wp\/v2\/users\/2476"}],"replies":[{"embeddable":true,"href":"https:\/\/encuentroinformativo.com.mx\/index.php?rest_route=%2Fwp%2Fv2%2Fcomments&post=38372"}],"version-history":[{"count":1,"href":"https:\/\/encuentroinformativo.com.mx\/index.php?rest_route=\/wp\/v2\/posts\/38372\/revisions"}],"predecessor-version":[{"id":38374,"href":"https:\/\/encuentroinformativo.com.mx\/index.php?rest_route=\/wp\/v2\/posts\/38372\/revisions\/38374"}],"wp:featuredmedia":[{"embeddable":true,"href":"https:\/\/encuentroinformativo.com.mx\/index.php?rest_route=\/wp\/v2\/media\/38373"}],"wp:attachment":[{"href":"https:\/\/encuentroinformativo.com.mx\/index.php?rest_route=%2Fwp%2Fv2%2Fmedia&parent=38372"}],"wp:term":[{"taxonomy":"category","embeddable":true,"href":"https:\/\/encuentroinformativo.com.mx\/index.php?rest_route=%2Fwp%2Fv2%2Fcategories&post=38372"},{"taxonomy":"post_tag","embeddable":true,"href":"https:\/\/encuentroinformativo.com.mx\/index.php?rest_route=%2Fwp%2Fv2%2Ftags&post=38372"}],"curies":[{"name":"wp","href":"https:\/\/api.w.org\/{rel}","templated":true}]}}