{"id":38379,"date":"2023-03-24T14:37:32","date_gmt":"2023-03-24T20:37:32","guid":{"rendered":"https:\/\/encuentroinformativo.com.mx\/?p=38379"},"modified":"2023-03-24T14:37:34","modified_gmt":"2023-03-24T20:37:34","slug":"en-el-pt-no-hay-divisionismo-afirma-dirigente","status":"publish","type":"post","link":"https:\/\/encuentroinformativo.com.mx\/?p=38379","title":{"rendered":"En el PT no hay divisionismo, afirma dirigente"},"content":{"rendered":"\n<p><strong>Israel Garc\u00eda <\/strong><\/p>\n\n\n\n<p>Xalapa, Ver.- El Dirigente y Vocero del Partido del Trabajo (PT) en Veracruz Vicente Aguilar Aguilar inform\u00f3 que cerrando la tercera semana del mes de marzo, recorrer\u00e1 la zona norte del estado.<\/p>\n\n\n\n<p>En entrevista el l\u00edder partidista coment\u00f3 que visitar\u00e1 los municipios de Ixhuatl\u00e1n de Madero, Chicontepec, Benito Ju\u00e1rez, Tantoyuca, Temporal, El Higo y P\u00e1nuco, restructurando los comit\u00e9s municipales, &#8220;as\u00ed que el s\u00e1bado y domingo mucho trabajo para la militancia&#8221;.<\/p>\n\n\n\n<p>Explic\u00f3 que se est\u00e1n preparando, afinando detalles para estar listos en el pr\u00f3ximo proceso electoral 2024-2025, poe lo que esperan cubrir los comit\u00e9s municipales a lo largo y ancho del estado de Veracruz.<\/p>\n\n\n\n<p>Afirm\u00f3 que cuentan con &#8220;hombres y mujeres de experiencia entrega y con resultado, a la gente se les da capacitaci\u00f3n deben de saber cu\u00e1les la funci\u00f3n de un comit\u00e9, las puertas estan abiertas para aquellas y aquellos que se quieran sumar al partido&#8221;.<\/p>\n\n\n\n<p>&#8220;En el PT no hay divisionismo, ni diferencias, hay una gran amistad buena coordinaci\u00f3n con el diputado local Ram\u00f3n D\u00edaz \u00c1vila, no vamos a caer el dimes y diretes de gente ignorante, el PT ha dado buenos resultados tenemos\u00a0 representamos, en los tres niveles de gobierno, no somos como otros partidos, que se gritaron de todo y ahora se unen&#8221;.<\/p>\n\n\n\n<p>En otro orden de ideas, reiter\u00f3 que los petistas tienen su &#8220;gallo&#8221; para que participe como candidato a la presidencia de la rep\u00fablica es Fern\u00e1ndez Noro\u00f1a.<\/p>\n\n\n\n<p>El PT a nivel estado cuenta aproximadamente con 50 mil afiliados, por lo que aprovecho para solicitar el apoyo del legislador local D\u00edaz \u00c1vila para que lo apoye a los recorridos.<\/p>\n","protected":false},"excerpt":{"rendered":"<p>Israel Garc\u00eda Xalapa, Ver.- El Dirigente y Vocero del Partido del Trabajo (PT) en Veracruz Vicente Aguilar Aguilar inform\u00f3 que cerrando la tercera semana del mes de marzo, recorrer\u00e1 la zona norte del estado. En entrevista el l\u00edder partidista coment\u00f3 que visitar\u00e1 los municipios de Ixhuatl\u00e1n de Madero, Chicontepec, Benito Ju\u00e1rez, Tantoyuca, Temporal, El Higo [&hellip;]<\/p>\n","protected":false},"author":2476,"featured_media":38380,"comment_status":"open","ping_status":"open","sticky":false,"template":"","format":"standard","meta":{"_jetpack_memberships_contains_paid_content":false,"footnotes":""},"categories":[2],"tags":[],"class_list":["post-38379","post","type-post","status-publish","format-standard","has-post-thumbnail","hentry","category-estado"],"jetpack_featured_media_url":"https:\/\/encuentroinformativo.com.mx\/wp-content\/uploads\/2023\/03\/IMG-20230324-WA0057.jpg","jetpack_sharing_enabled":true,"jetpack_likes_enabled":true,"amp_enabled":true,"_links":{"self":[{"href":"https:\/\/encuentroinformativo.com.mx\/index.php?rest_route=\/wp\/v2\/posts\/38379","targetHints":{"allow":["GET"]}}],"collection":[{"href":"https:\/\/encuentroinformativo.com.mx\/index.php?rest_route=\/wp\/v2\/posts"}],"about":[{"href":"https:\/\/encuentroinformativo.com.mx\/index.php?rest_route=\/wp\/v2\/types\/post"}],"author":[{"embeddable":true,"href":"https:\/\/encuentroinformativo.com.mx\/index.php?rest_route=\/wp\/v2\/users\/2476"}],"replies":[{"embeddable":true,"href":"https:\/\/encuentroinformativo.com.mx\/index.php?rest_route=%2Fwp%2Fv2%2Fcomments&post=38379"}],"version-history":[{"count":1,"href":"https:\/\/encuentroinformativo.com.mx\/index.php?rest_route=\/wp\/v2\/posts\/38379\/revisions"}],"predecessor-version":[{"id":38381,"href":"https:\/\/encuentroinformativo.com.mx\/index.php?rest_route=\/wp\/v2\/posts\/38379\/revisions\/38381"}],"wp:featuredmedia":[{"embeddable":true,"href":"https:\/\/encuentroinformativo.com.mx\/index.php?rest_route=\/wp\/v2\/media\/38380"}],"wp:attachment":[{"href":"https:\/\/encuentroinformativo.com.mx\/index.php?rest_route=%2Fwp%2Fv2%2Fmedia&parent=38379"}],"wp:term":[{"taxonomy":"category","embeddable":true,"href":"https:\/\/encuentroinformativo.com.mx\/index.php?rest_route=%2Fwp%2Fv2%2Fcategories&post=38379"},{"taxonomy":"post_tag","embeddable":true,"href":"https:\/\/encuentroinformativo.com.mx\/index.php?rest_route=%2Fwp%2Fv2%2Ftags&post=38379"}],"curies":[{"name":"wp","href":"https:\/\/api.w.org\/{rel}","templated":true}]}}