{"id":3838,"date":"2020-07-03T15:17:52","date_gmt":"2020-07-03T20:17:52","guid":{"rendered":"https:\/\/encuentroinformativo.com\/?p=3838"},"modified":"2020-07-03T15:17:54","modified_gmt":"2020-07-03T20:17:54","slug":"animo-ciudadano-impulsa-reactivacion-economica-de-emiliano-zapata","status":"publish","type":"post","link":"https:\/\/encuentroinformativo.com.mx\/?p=3838","title":{"rendered":"\u00c1nimo  Ciudadano impulsa reactivaci\u00f3n econ\u00f3mica de Emiliano Zapata"},"content":{"rendered":"\n<p>Emiliano Zapata, Ver.- La contingencia por COVID-19 contin\u00faa y debemos mantenernos unidos y trabajar juntos\u00a0por la ciudadan\u00eda que se ha visto afectada por la disminuci\u00f3n de las actividades econ\u00f3micas de la regi\u00f3n de Emiliano Zapata, destac\u00f3 el presidente de la Asociaci\u00f3n Civil, \u201c\u00c1nimo Ciudadano\u201d, Aquiles Moreno Solano.<\/p>\n\n\n\n<p>Destac\u00f3 que es momento de reforzar el apoyo a las familias que m\u00e1s lo requieren, y a trav\u00e9s de dicha Asociaci\u00f3n, apoyan a familias de diversas comunidades de la zona, con el fin de poder contribuir en el tema alimentario, a trav\u00e9s de la estrategia \u201cQu\u00e9date en tu casa, yo te apoyo\u201d.<\/p>\n\n\n\n<p>Y es que localidades dedicadas al&nbsp;campo, la&nbsp;pesca y&nbsp;la zona comercial, se han visto afectadas en sus actividades diarias, lo que les ha impedido contar ingresos econ\u00f3micos.<\/p>\n\n\n\n<p>Por lo anterior, exhort\u00f3 a ciudadanos, empresarios y organizaciones de asistencia social, a sumarse a esta iniciativa, para junto con la A.C. \u00c1nimo Ciudadano,&nbsp;puedan&nbsp;apoyar a las familias m\u00e1s vulnerables del municipio.<\/p>\n\n\n\n<p>\u201cLa pandemia nos ha puesto a prueba, hemos visto que no existen comunidades peque\u00f1as o grandes; gran parte de la poblaci\u00f3n requiere apoyo y atenci\u00f3n debido a que las actividades econ\u00f3micas dentro de la regi\u00f3n se ven visiblemente afectadas, por lo cual, debemos tener empat\u00eda y solidaridad entre nosotros y apoyarnos mutuamente\u201d, expres\u00f3.<\/p>\n\n\n\n<p>Moreno Solano manifest\u00f3 que ha vivido toda su vida en Emiliano Zapata y conoce cada uno de los rincones del municipio, lo que le ha permitido identificar de manera acertada los lugares que m\u00e1s requieren apoyo y cumplir con el compromiso de gesti\u00f3n de la Asociaci\u00f3n con los ciudadanos, finaliz\u00f3.<\/p>\n","protected":false},"excerpt":{"rendered":"<p>Emiliano Zapata, Ver.- La contingencia por COVID-19 contin\u00faa y debemos mantenernos unidos y trabajar juntos\u00a0por la ciudadan\u00eda que se ha visto afectada por la disminuci\u00f3n de las actividades econ\u00f3micas de la regi\u00f3n de Emiliano Zapata, destac\u00f3 el presidente de la Asociaci\u00f3n Civil, \u201c\u00c1nimo Ciudadano\u201d, Aquiles Moreno Solano. Destac\u00f3 que es momento de reforzar el apoyo [&hellip;]<\/p>\n","protected":false},"author":1,"featured_media":3839,"comment_status":"open","ping_status":"open","sticky":false,"template":"","format":"standard","meta":{"_jetpack_memberships_contains_paid_content":false,"footnotes":""},"categories":[8],"tags":[],"class_list":["post-3838","post","type-post","status-publish","format-standard","has-post-thumbnail","hentry","category-region"],"jetpack_featured_media_url":"https:\/\/encuentroinformativo.com.mx\/wp-content\/uploads\/2020\/07\/6DD8B861-ECB5-4C6E-B46D-F94F61CBC249.jpeg","jetpack_sharing_enabled":true,"jetpack_likes_enabled":true,"amp_enabled":true,"_links":{"self":[{"href":"https:\/\/encuentroinformativo.com.mx\/index.php?rest_route=\/wp\/v2\/posts\/3838","targetHints":{"allow":["GET"]}}],"collection":[{"href":"https:\/\/encuentroinformativo.com.mx\/index.php?rest_route=\/wp\/v2\/posts"}],"about":[{"href":"https:\/\/encuentroinformativo.com.mx\/index.php?rest_route=\/wp\/v2\/types\/post"}],"author":[{"embeddable":true,"href":"https:\/\/encuentroinformativo.com.mx\/index.php?rest_route=\/wp\/v2\/users\/1"}],"replies":[{"embeddable":true,"href":"https:\/\/encuentroinformativo.com.mx\/index.php?rest_route=%2Fwp%2Fv2%2Fcomments&post=3838"}],"version-history":[{"count":1,"href":"https:\/\/encuentroinformativo.com.mx\/index.php?rest_route=\/wp\/v2\/posts\/3838\/revisions"}],"predecessor-version":[{"id":3840,"href":"https:\/\/encuentroinformativo.com.mx\/index.php?rest_route=\/wp\/v2\/posts\/3838\/revisions\/3840"}],"wp:featuredmedia":[{"embeddable":true,"href":"https:\/\/encuentroinformativo.com.mx\/index.php?rest_route=\/wp\/v2\/media\/3839"}],"wp:attachment":[{"href":"https:\/\/encuentroinformativo.com.mx\/index.php?rest_route=%2Fwp%2Fv2%2Fmedia&parent=3838"}],"wp:term":[{"taxonomy":"category","embeddable":true,"href":"https:\/\/encuentroinformativo.com.mx\/index.php?rest_route=%2Fwp%2Fv2%2Fcategories&post=3838"},{"taxonomy":"post_tag","embeddable":true,"href":"https:\/\/encuentroinformativo.com.mx\/index.php?rest_route=%2Fwp%2Fv2%2Ftags&post=3838"}],"curies":[{"name":"wp","href":"https:\/\/api.w.org\/{rel}","templated":true}]}}