{"id":38399,"date":"2023-03-25T13:26:00","date_gmt":"2023-03-25T19:26:00","guid":{"rendered":"https:\/\/encuentroinformativo.com.mx\/?p=38399"},"modified":"2023-03-25T13:26:03","modified_gmt":"2023-03-25T19:26:03","slug":"exhorta-fiscalia-a-presentar-denuncias-por-acoso-en-uv","status":"publish","type":"post","link":"https:\/\/encuentroinformativo.com.mx\/?p=38399","title":{"rendered":"Exhorta Fiscal\u00eda a presentar denuncias por acoso en UV"},"content":{"rendered":"\n<p><strong>Dar\u00edo Pale <\/strong><\/p>\n\n\n\n<p>Xalapa, Ver.- La Fiscal\u00eda General del Estado (FGE) investiga hostigamiento y acoso sexual en Universidad Veracruzana (UV) por noticia criminal, la Fiscal general llama a presuntas v\u00edctimas a presentar denuncias formales.<\/p>\n\n\n\n<p>Entrevistada posterior a la carrera que realiz\u00f3 por una vida libre de violencia la fiscal general del Estado, Ver\u00f3nica Hern\u00e1ndez Giad\u00e1ns, revel\u00f3 que por noticia criminal est\u00e1n tratando de contactar a las v\u00edctimas de hostigamiento y acoso sexual en la UV.<\/p>\n\n\n\n<p>Esto luego de que este viernes una estudiante diera a conocer que fue v\u00edctima de hostigamiento por parte de un acad\u00e9mico en la facultad de Arquitectura y que a ra\u00edz de ello, otras estudiantes han dado a conocer sus casos, por lo que indic\u00f3 que est\u00e1n buscando a las presuntas v\u00edctimas para que acudan a presentar las denuncias penales correspondientes para darle seguimiento.<\/p>\n\n\n\n<p>Asegur\u00f3 que hay total coordinaci\u00f3n con las autoridades universitarias para atender a todas las personas que sean v\u00edctimas de ese tipo de delitos.<\/p>\n\n\n\n<p>Entrevistada en relaci\u00f3n a los tendederos que se colocan cada vez m\u00e1s en las instituciones educativas, llam\u00f3 a las v\u00edctimas a que acudan a la Fiscal\u00eda a interponer las denuncias.<\/p>\n\n\n\n<p>&#8220;Hay algunas que se han interpuesto, las m\u00ednimas, si embargo, nosotros por noticia criminal estamos tratando de contactar a las presuntas v\u00edctimas para que acudan a presentar las denuncias y darles seguimiento&#8221;, se\u00f1al\u00f3.<\/p>\n\n\n\n<p>Dio a conocer que hace poco se detuvo en flagrancia a una persona que comet\u00eda robos a estudiantes y coment\u00f3 que incluso ya hab\u00eda alguna incidencia al respecto, pero gracias a que se presentaron las denuncias formales es que pudieron proceder a la detenci\u00f3n de los presuntos responsables.<\/p>\n\n\n\n<p>&#8220;Que denuncien, que conf\u00eden en la Fiscal\u00eda, que la Fiscal\u00eda se est\u00e1 transformando en beneficio de toda la sociedad&#8221;, coment\u00f3.<\/p>\n\n\n\n<p>La Fiscal enfatiz\u00f3 que este s\u00e1bado se llev\u00f3 a cabo la segunda edici\u00f3n de la carrera por una vida libre de violencia, donde afirm\u00f3 que el organismo aut\u00f3nomo a su cargo est\u00e1 del lado de las mujeres y est\u00e1n en contra de la violencia contra ellas.<\/p>\n\n\n\n<p>Destac\u00f3 que con este tipo de actividades inyectan un lado humano y sensible a la procuraci\u00f3n de justicia, raz\u00f3n por la que cada d\u00eda se suman m\u00e1s servidores p\u00fablicos con sus familias.<\/p>\n\n\n\n<p>&#8220;Eso tambi\u00e9n repercute en una mayor productividad. Reflexionar que en la procuraci\u00f3n de justicia podemos hacer las cosas diferentes, sobre todo m\u00e1s conscientes y responsables para atender mejor a las v\u00edctimas&#8221;, subray\u00f3.<\/p>\n\n\n\n<p>Por \u00faltimo dio a conocer que este s\u00e1bado particip\u00f3 personal de las siete fiscal\u00edas regionales y de todas las coordinaciones, &#8220;somos m\u00e1s de mil 800 aqu\u00ed en una convocatoria grande, muy contentos, empezamos muy temprano&#8221;.<\/p>\n","protected":false},"excerpt":{"rendered":"<p>Dar\u00edo Pale Xalapa, Ver.- La Fiscal\u00eda General del Estado (FGE) investiga hostigamiento y acoso sexual en Universidad Veracruzana (UV) por noticia criminal, la Fiscal general llama a presuntas v\u00edctimas a presentar denuncias formales. Entrevistada posterior a la carrera que realiz\u00f3 por una vida libre de violencia la fiscal general del Estado, Ver\u00f3nica Hern\u00e1ndez Giad\u00e1ns, revel\u00f3 [&hellip;]<\/p>\n","protected":false},"author":2476,"featured_media":38400,"comment_status":"open","ping_status":"open","sticky":false,"template":"","format":"standard","meta":{"_jetpack_memberships_contains_paid_content":false,"footnotes":""},"categories":[2],"tags":[],"class_list":["post-38399","post","type-post","status-publish","format-standard","has-post-thumbnail","hentry","category-estado"],"jetpack_featured_media_url":"https:\/\/encuentroinformativo.com.mx\/wp-content\/uploads\/2023\/03\/IMG-20230325-WA00352.jpg","jetpack_sharing_enabled":true,"jetpack_likes_enabled":true,"amp_enabled":true,"_links":{"self":[{"href":"https:\/\/encuentroinformativo.com.mx\/index.php?rest_route=\/wp\/v2\/posts\/38399","targetHints":{"allow":["GET"]}}],"collection":[{"href":"https:\/\/encuentroinformativo.com.mx\/index.php?rest_route=\/wp\/v2\/posts"}],"about":[{"href":"https:\/\/encuentroinformativo.com.mx\/index.php?rest_route=\/wp\/v2\/types\/post"}],"author":[{"embeddable":true,"href":"https:\/\/encuentroinformativo.com.mx\/index.php?rest_route=\/wp\/v2\/users\/2476"}],"replies":[{"embeddable":true,"href":"https:\/\/encuentroinformativo.com.mx\/index.php?rest_route=%2Fwp%2Fv2%2Fcomments&post=38399"}],"version-history":[{"count":1,"href":"https:\/\/encuentroinformativo.com.mx\/index.php?rest_route=\/wp\/v2\/posts\/38399\/revisions"}],"predecessor-version":[{"id":38401,"href":"https:\/\/encuentroinformativo.com.mx\/index.php?rest_route=\/wp\/v2\/posts\/38399\/revisions\/38401"}],"wp:featuredmedia":[{"embeddable":true,"href":"https:\/\/encuentroinformativo.com.mx\/index.php?rest_route=\/wp\/v2\/media\/38400"}],"wp:attachment":[{"href":"https:\/\/encuentroinformativo.com.mx\/index.php?rest_route=%2Fwp%2Fv2%2Fmedia&parent=38399"}],"wp:term":[{"taxonomy":"category","embeddable":true,"href":"https:\/\/encuentroinformativo.com.mx\/index.php?rest_route=%2Fwp%2Fv2%2Fcategories&post=38399"},{"taxonomy":"post_tag","embeddable":true,"href":"https:\/\/encuentroinformativo.com.mx\/index.php?rest_route=%2Fwp%2Fv2%2Ftags&post=38399"}],"curies":[{"name":"wp","href":"https:\/\/api.w.org\/{rel}","templated":true}]}}