{"id":38407,"date":"2023-03-25T15:47:55","date_gmt":"2023-03-25T21:47:55","guid":{"rendered":"https:\/\/encuentroinformativo.com.mx\/?p=38407"},"modified":"2023-03-25T15:47:59","modified_gmt":"2023-03-25T21:47:59","slug":"impartira-colver-nueva-especialidad-en-materia-ambiental","status":"publish","type":"post","link":"https:\/\/encuentroinformativo.com.mx\/?p=38407","title":{"rendered":"Impartir\u00e1 COLVER nueva especialidad en materia ambiental"},"content":{"rendered":"\n<p><strong>Dar\u00edo Pale <\/strong><\/p>\n\n\n\n<p>Xalapa, Ver.- Monserrat Vidal-\u00c1lvarez coordinadora de la nueva especialidad que ofertar\u00e1 el Colegio de Veracruz (COLVER), es en pol\u00edtica y derecho ambiental dirigida principalmente a funcionarios de los tres niveles de gobierno que desempe\u00f1an funciones relacionadas al medio ambiente.\u00a0<\/p>\n\n\n\n<p>En conferencia de prensa dieron a conocer que, se impartir\u00e1 de manera presencial a partir del 21 de abril y durar\u00e1 un a\u00f1o, y su plan de estudios fue dise\u00f1ado por acad\u00e9micos del Colver en coordinaci\u00f3n con la secretar\u00eda de medio ambiente (SEDEMA) del estado con el fin de incidir en favor de las pol\u00edticas ambientales. \u00a0<\/p>\n\n\n\n<p>\u201cSe cre\u00f3 esta propuesta de tener una formaci\u00f3n acad\u00e9mica, pero que fuera tambi\u00e9n te\u00f3rico-pr\u00e1ctica en materia de pol\u00edtica y derecho ambiental y es as\u00ed como surge esta especialidad&#8230; Es importante que no s\u00f3lo servidores p\u00fablicos se formen en este programa acad\u00e9mico, sino que est\u00e1 abierto a la sociedad en general\u201d, se\u00f1al\u00f3.<\/p>\n\n\n\n<p>Por su parte el especialista en derecho ambiental, Enrique Lobato Luna explic\u00f3 que actualmente se requiere que m\u00e1s personas que aprendan derecho ambiental y subray\u00f3 que el plan de estudios es especializado e interdisciplinario.<\/p>\n\n\n\n<p>&#8220;Se ven temas de ciencias ambientales, es una disciplina muy especializada. La conciencia de la sociedad ha avanzado, antes la gente no se preocupaba por temas como la sustentabilidad, pero ahora tenemos conciencia clara de que los recursos los tenemos que cuidar para las generaciones futuras\u201d, coment\u00f3.<\/p>\n\n\n\n<p>La mensualidad es de dos mil pesos, pero el Colver har\u00e1 descuentos a los servidores p\u00fablicos interesados, hasta ahora hay personal de la Secretar\u00eda de Desarrollo Agropecuario, Rural y Pesca, de Turismo y de integrantes de organizaciones no gubernamentales.\u00a0<\/p>\n\n\n\n<p>Finalmente dieron a conocer que para mayor informaci\u00f3n se puede consultar la convocatoria en el apartado de oferta educativa en la p\u00e1gina web del Colver.<\/p>\n","protected":false},"excerpt":{"rendered":"<p>Dar\u00edo Pale Xalapa, Ver.- Monserrat Vidal-\u00c1lvarez coordinadora de la nueva especialidad que ofertar\u00e1 el Colegio de Veracruz (COLVER), es en pol\u00edtica y derecho ambiental dirigida principalmente a funcionarios de los tres niveles de gobierno que desempe\u00f1an funciones relacionadas al medio ambiente.\u00a0 En conferencia de prensa dieron a conocer que, se impartir\u00e1 de manera presencial a [&hellip;]<\/p>\n","protected":false},"author":2476,"featured_media":38408,"comment_status":"open","ping_status":"open","sticky":false,"template":"","format":"standard","meta":{"_jetpack_memberships_contains_paid_content":false,"footnotes":""},"categories":[2],"tags":[],"class_list":["post-38407","post","type-post","status-publish","format-standard","has-post-thumbnail","hentry","category-estado"],"jetpack_featured_media_url":"https:\/\/encuentroinformativo.com.mx\/wp-content\/uploads\/2023\/03\/IMG-20230325-WA00512.jpg","jetpack_sharing_enabled":true,"jetpack_likes_enabled":true,"amp_enabled":true,"_links":{"self":[{"href":"https:\/\/encuentroinformativo.com.mx\/index.php?rest_route=\/wp\/v2\/posts\/38407","targetHints":{"allow":["GET"]}}],"collection":[{"href":"https:\/\/encuentroinformativo.com.mx\/index.php?rest_route=\/wp\/v2\/posts"}],"about":[{"href":"https:\/\/encuentroinformativo.com.mx\/index.php?rest_route=\/wp\/v2\/types\/post"}],"author":[{"embeddable":true,"href":"https:\/\/encuentroinformativo.com.mx\/index.php?rest_route=\/wp\/v2\/users\/2476"}],"replies":[{"embeddable":true,"href":"https:\/\/encuentroinformativo.com.mx\/index.php?rest_route=%2Fwp%2Fv2%2Fcomments&post=38407"}],"version-history":[{"count":1,"href":"https:\/\/encuentroinformativo.com.mx\/index.php?rest_route=\/wp\/v2\/posts\/38407\/revisions"}],"predecessor-version":[{"id":38409,"href":"https:\/\/encuentroinformativo.com.mx\/index.php?rest_route=\/wp\/v2\/posts\/38407\/revisions\/38409"}],"wp:featuredmedia":[{"embeddable":true,"href":"https:\/\/encuentroinformativo.com.mx\/index.php?rest_route=\/wp\/v2\/media\/38408"}],"wp:attachment":[{"href":"https:\/\/encuentroinformativo.com.mx\/index.php?rest_route=%2Fwp%2Fv2%2Fmedia&parent=38407"}],"wp:term":[{"taxonomy":"category","embeddable":true,"href":"https:\/\/encuentroinformativo.com.mx\/index.php?rest_route=%2Fwp%2Fv2%2Fcategories&post=38407"},{"taxonomy":"post_tag","embeddable":true,"href":"https:\/\/encuentroinformativo.com.mx\/index.php?rest_route=%2Fwp%2Fv2%2Ftags&post=38407"}],"curies":[{"name":"wp","href":"https:\/\/api.w.org\/{rel}","templated":true}]}}