{"id":38410,"date":"2023-03-25T15:57:24","date_gmt":"2023-03-25T21:57:24","guid":{"rendered":"https:\/\/encuentroinformativo.com.mx\/?p=38410"},"modified":"2023-03-25T15:57:29","modified_gmt":"2023-03-25T21:57:29","slug":"en-xallitic-promueven-feria-vasconcelos","status":"publish","type":"post","link":"https:\/\/encuentroinformativo.com.mx\/?p=38410","title":{"rendered":"En Xallitic, promueven Feria Vasconcelos"},"content":{"rendered":"\n<p><strong>Dar\u00edo Pale<\/strong> <\/p>\n\n\n\n<p>Xalapa, Ver.- Durante la Feria Vasconcelos que se realizar\u00e1 este s\u00e1bado y domingo en la explanada del barrio Xallitic en el centro de la capital del estado se busca impulsar a los productores de Chiconquiaco, Acatl\u00e1n y Miahuatl\u00e1n quienes ofertan gastronom\u00eda, calzado y artesan\u00edas, as\u00ed lo dio a conocer el coordinador de este programa, Fredy Salas Mart\u00ednez.\u00a0<\/p>\n\n\n\n<p>Con lo anterior las autoridades y habitantes de estos tres municipios de la zona centro y de monta\u00f1a en el estado muestran los resultados de ser beneficiados con el programa Vasconcelos a cargo de la Secretar\u00eda de Educaci\u00f3n de Veracruz, enfocado principalmente en la \u201calfabetizaci\u00f3n tecnol\u00f3gica\u201d.<\/p>\n\n\n\n<p>Equipados con tecnolog\u00eda de c\u00f3mputo y libros, los autobuses del Programa Vasconcelos implementado por SEV llegan a todos los municipios del estado, especialmente a los que concentran poblaci\u00f3n con mayor marginaci\u00f3n.\u00a0<\/p>\n\n\n\n<p>Sus aulas m\u00f3viles cuentan con 15 computadoras con las que se ense\u00f1an desde el uso de una de estas m\u00e1quinas, hasta el dise\u00f1o de marketing y otras estrategias que benefician a los productores locales, as\u00ed impactan desde las infancias hasta la poblaci\u00f3n adulta.<\/p>\n\n\n\n<p>\u201cLes damos alfabetizaci\u00f3n tecnol\u00f3gica, desde computaci\u00f3n b\u00e1sica, y con eso eficientamos todo el desarrollo rural y econ\u00f3mico de todos los sectores a los que se integran arriba de las aulas.<\/p>\n\n\n\n<p>En este caso, como el programa es muy amplio, hemos trabajado con diferentes entes de las diferentes secretar\u00edas, con polic\u00edas o trabajamos con empresas privadas, con Transporte, ICATVER, IVEA\u201d, se\u00f1al\u00f3.<\/p>\n\n\n\n<p>&#8220;Tambi\u00e9n hacemos la promoci\u00f3n cultural, monogr\u00e1fica, de los productos artesanales\u201d destac\u00f3 el coordinador del programa.<\/p>\n\n\n\n<p>Por \u00faltimo las autoridades educativas llaman a los docentes de escuelas de todos los municipios y a sus autoridades locales a que soliciten estas aulas m\u00f3viles.<\/p>\n\n\n\n<figure class=\"wp-block-image size-large\"><img loading=\"lazy\" decoding=\"async\" width=\"1024\" height=\"461\" src=\"https:\/\/encuentroinformativo.com.mx\/wp-content\/uploads\/2023\/03\/IMG-20230325-WA0065-1024x461.jpg\" alt=\"\" class=\"wp-image-38412\" srcset=\"https:\/\/encuentroinformativo.com.mx\/wp-content\/uploads\/2023\/03\/IMG-20230325-WA0065-1024x461.jpg 1024w, https:\/\/encuentroinformativo.com.mx\/wp-content\/uploads\/2023\/03\/IMG-20230325-WA0065-300x135.jpg 300w, https:\/\/encuentroinformativo.com.mx\/wp-content\/uploads\/2023\/03\/IMG-20230325-WA0065-768x346.jpg 768w, https:\/\/encuentroinformativo.com.mx\/wp-content\/uploads\/2023\/03\/IMG-20230325-WA0065-1536x691.jpg 1536w, https:\/\/encuentroinformativo.com.mx\/wp-content\/uploads\/2023\/03\/IMG-20230325-WA0065.jpg 1600w\" sizes=\"auto, (max-width: 1024px) 100vw, 1024px\" \/><\/figure>\n","protected":false},"excerpt":{"rendered":"<p>Dar\u00edo Pale Xalapa, Ver.- Durante la Feria Vasconcelos que se realizar\u00e1 este s\u00e1bado y domingo en la explanada del barrio Xallitic en el centro de la capital del estado se busca impulsar a los productores de Chiconquiaco, Acatl\u00e1n y Miahuatl\u00e1n quienes ofertan gastronom\u00eda, calzado y artesan\u00edas, as\u00ed lo dio a conocer el coordinador de este [&hellip;]<\/p>\n","protected":false},"author":2476,"featured_media":38411,"comment_status":"open","ping_status":"open","sticky":false,"template":"","format":"standard","meta":{"_jetpack_memberships_contains_paid_content":false,"footnotes":""},"categories":[3],"tags":[],"class_list":["post-38410","post","type-post","status-publish","format-standard","has-post-thumbnail","hentry","category-xalapa"],"jetpack_featured_media_url":"https:\/\/encuentroinformativo.com.mx\/wp-content\/uploads\/2023\/03\/IMG-20230325-WA0059.jpg","jetpack_sharing_enabled":true,"jetpack_likes_enabled":true,"amp_enabled":true,"_links":{"self":[{"href":"https:\/\/encuentroinformativo.com.mx\/index.php?rest_route=\/wp\/v2\/posts\/38410","targetHints":{"allow":["GET"]}}],"collection":[{"href":"https:\/\/encuentroinformativo.com.mx\/index.php?rest_route=\/wp\/v2\/posts"}],"about":[{"href":"https:\/\/encuentroinformativo.com.mx\/index.php?rest_route=\/wp\/v2\/types\/post"}],"author":[{"embeddable":true,"href":"https:\/\/encuentroinformativo.com.mx\/index.php?rest_route=\/wp\/v2\/users\/2476"}],"replies":[{"embeddable":true,"href":"https:\/\/encuentroinformativo.com.mx\/index.php?rest_route=%2Fwp%2Fv2%2Fcomments&post=38410"}],"version-history":[{"count":1,"href":"https:\/\/encuentroinformativo.com.mx\/index.php?rest_route=\/wp\/v2\/posts\/38410\/revisions"}],"predecessor-version":[{"id":38413,"href":"https:\/\/encuentroinformativo.com.mx\/index.php?rest_route=\/wp\/v2\/posts\/38410\/revisions\/38413"}],"wp:featuredmedia":[{"embeddable":true,"href":"https:\/\/encuentroinformativo.com.mx\/index.php?rest_route=\/wp\/v2\/media\/38411"}],"wp:attachment":[{"href":"https:\/\/encuentroinformativo.com.mx\/index.php?rest_route=%2Fwp%2Fv2%2Fmedia&parent=38410"}],"wp:term":[{"taxonomy":"category","embeddable":true,"href":"https:\/\/encuentroinformativo.com.mx\/index.php?rest_route=%2Fwp%2Fv2%2Fcategories&post=38410"},{"taxonomy":"post_tag","embeddable":true,"href":"https:\/\/encuentroinformativo.com.mx\/index.php?rest_route=%2Fwp%2Fv2%2Ftags&post=38410"}],"curies":[{"name":"wp","href":"https:\/\/api.w.org\/{rel}","templated":true}]}}