{"id":38428,"date":"2023-03-26T14:08:53","date_gmt":"2023-03-26T20:08:53","guid":{"rendered":"https:\/\/encuentroinformativo.com.mx\/?p=38428"},"modified":"2023-03-26T14:08:57","modified_gmt":"2023-03-26T20:08:57","slug":"ejecutan-a-tres-jovenes-en-maltrata","status":"publish","type":"post","link":"https:\/\/encuentroinformativo.com.mx\/?p=38428","title":{"rendered":"Ejecutan a tres j\u00f3venes en Maltrata"},"content":{"rendered":"\n<p><strong>Juan Arcos <\/strong><\/p>\n\n\n\n<p>Xalapa, Ver.- La madrugada de este domingo 26 de marzo fueron ejecutados tres jovenes que viajaban a bordo de un veh\u00edculo particular en la zona centro del municipio de Maltrata, ubicado en la regi\u00f3n de las Altas Monta\u00f1as de Veracruz.<\/p>\n\n\n\n<p>Los hechos ocurrieron en la esquina de la avenida Hidalgo con la calle Nicol\u00e1s Bravo, en la manzana tres, del primer cuadro de esta ciudad, que colinda con los municipios veracruzanos de Acultzingo, Ixhuatlancillo, Nogales y Aquila, as\u00ed como tambi\u00e9n, con zonas del estado de Puebla.<\/p>\n\n\n\n<p>De acuerdo con reportes policiacos, los sujetos armados circulaban en otro autom\u00f3vil, los interceptaron y les dispararon varias veces para posteriormente darse a la fuga.<\/p>\n\n\n\n<p>Los pobladores llamaron al n\u00famero de emergencia 911 para informar a la polic\u00eda sobre tres personas sin vida: dos que hab\u00edan quedado tendidas sobre la calle y una m\u00e1s al interior de un veh\u00edculo Nissan-Tiida, color blanco.<\/p>\n\n\n\n<p>El sitio fue acordonado por los polic\u00edas para preservar la escena del crimen y garantizar el protocolo de cadena de custodia, en espera de los elementos ministeriales para iniciar las diligencias correspondientes.<\/p>\n\n\n\n<p>La Fiscal\u00eda Regional integr\u00f3 la carpeta de investigaci\u00f3n para la b\u00fasqueda y localizaci\u00f3n de los presuntos responsables de este crimen, quienes hasta el momento no han sido detenidos.<\/p>\n\n\n\n<p>Los tres cad\u00e1veres fueron trasladados al Servicio M\u00e9dico Forense (Semefo), para su identificaci\u00f3n correspondiente.<\/p>\n\n\n\n<p><strong>REPORTAN 125 HOMICIDIOS DOLOSOS<\/strong><\/p>\n\n\n\n<p>Durante el primer bimestre del a\u00f1o se reportaron 125 homicidios dolosos en el estado de Veracruz, de acuerdo con cifras del Secretariado Ejecutivo del Sistema Nacional de Seguridad P\u00fablica (SESNSP).<\/p>\n\n\n\n<p>El Informe de Incidencia Delictiva del Fuero Com\u00fan 2023 revela que en enero se contabilizaron 78 casos y 47 en febrero, de los cuales 70 se cometieron con arma de fuego, 14 con arma blanca y 41 con otro elemento.<\/p>\n\n\n\n<p>Mientras que en 2022 se presentaron 854 denuncias por homicidios dolosos en la entidad veracruzana, de los cuales 513 se cometieron con arma de fuego, 105 con arma blanca y 236 con otro elemento.<\/p>\n","protected":false},"excerpt":{"rendered":"<p>Juan Arcos Xalapa, Ver.- La madrugada de este domingo 26 de marzo fueron ejecutados tres jovenes que viajaban a bordo de un veh\u00edculo particular en la zona centro del municipio de Maltrata, ubicado en la regi\u00f3n de las Altas Monta\u00f1as de Veracruz. Los hechos ocurrieron en la esquina de la avenida Hidalgo con la calle [&hellip;]<\/p>\n","protected":false},"author":2476,"featured_media":38429,"comment_status":"open","ping_status":"open","sticky":false,"template":"","format":"standard","meta":{"_jetpack_memberships_contains_paid_content":false,"footnotes":""},"categories":[14],"tags":[],"class_list":["post-38428","post","type-post","status-publish","format-standard","has-post-thumbnail","hentry","category-policiaca"],"jetpack_featured_media_url":"https:\/\/encuentroinformativo.com.mx\/wp-content\/uploads\/2023\/03\/IMG_8318.jpg","jetpack_sharing_enabled":true,"jetpack_likes_enabled":true,"amp_enabled":true,"_links":{"self":[{"href":"https:\/\/encuentroinformativo.com.mx\/index.php?rest_route=\/wp\/v2\/posts\/38428","targetHints":{"allow":["GET"]}}],"collection":[{"href":"https:\/\/encuentroinformativo.com.mx\/index.php?rest_route=\/wp\/v2\/posts"}],"about":[{"href":"https:\/\/encuentroinformativo.com.mx\/index.php?rest_route=\/wp\/v2\/types\/post"}],"author":[{"embeddable":true,"href":"https:\/\/encuentroinformativo.com.mx\/index.php?rest_route=\/wp\/v2\/users\/2476"}],"replies":[{"embeddable":true,"href":"https:\/\/encuentroinformativo.com.mx\/index.php?rest_route=%2Fwp%2Fv2%2Fcomments&post=38428"}],"version-history":[{"count":1,"href":"https:\/\/encuentroinformativo.com.mx\/index.php?rest_route=\/wp\/v2\/posts\/38428\/revisions"}],"predecessor-version":[{"id":38430,"href":"https:\/\/encuentroinformativo.com.mx\/index.php?rest_route=\/wp\/v2\/posts\/38428\/revisions\/38430"}],"wp:featuredmedia":[{"embeddable":true,"href":"https:\/\/encuentroinformativo.com.mx\/index.php?rest_route=\/wp\/v2\/media\/38429"}],"wp:attachment":[{"href":"https:\/\/encuentroinformativo.com.mx\/index.php?rest_route=%2Fwp%2Fv2%2Fmedia&parent=38428"}],"wp:term":[{"taxonomy":"category","embeddable":true,"href":"https:\/\/encuentroinformativo.com.mx\/index.php?rest_route=%2Fwp%2Fv2%2Fcategories&post=38428"},{"taxonomy":"post_tag","embeddable":true,"href":"https:\/\/encuentroinformativo.com.mx\/index.php?rest_route=%2Fwp%2Fv2%2Ftags&post=38428"}],"curies":[{"name":"wp","href":"https:\/\/api.w.org\/{rel}","templated":true}]}}