{"id":38432,"date":"2023-03-27T09:56:13","date_gmt":"2023-03-27T15:56:13","guid":{"rendered":"https:\/\/encuentroinformativo.com.mx\/?p=38432"},"modified":"2023-03-27T09:56:17","modified_gmt":"2023-03-27T15:56:17","slug":"normapinamerepresenta","status":"publish","type":"post","link":"https:\/\/encuentroinformativo.com.mx\/?p=38432","title":{"rendered":"#NormaPi\u00f1aMeRepresenta"},"content":{"rendered":"\n<p><strong>N\u00fameros Rojos<\/strong><\/p>\n\n\n\n<p><strong>Brenda Caballero <\/strong><\/p>\n\n\n\n<p>A cinco d\u00edas de que concluya marzo, un mes en el que se consideran diversas actividades relacionadas con el D\u00eda Internacional de la Mujer, no hemos entendido el fondo real en el que vivimos las mujeres en nuestro pa\u00eds.<\/p>\n\n\n\n<p>Premios, reconocimientos y chocholeos han cobrado m\u00e1s importancia que proteger los derechos de las mujeres y las ni\u00f1as as\u00ed como abordar la violencia de g\u00e9nero en M\u00e9xico.Por eso, uno de los s\u00edmbolos m\u00e1s polarizantes y deleznable fue la quema de una pi\u00f1ata que \u201csimbolizaba\u201d a la ministra Norma Luc\u00eda Pi\u00f1a Hern\u00e1ndez.\u201cFuego, fuego, fuego\u201d \u201cTraigan la carne asada\u201d \u201cQue prenda\u201d y \u201cFuera Pi\u00f1a\u201d se escuchaba entre una multitud conformada por hombres y mujeres que azuzaban al par que buscaba hacer una hoguera a la figura de cart\u00f3n y tela que yac\u00eda en el suelo en pleno z\u00f3calo de la Ciudad de M\u00e9xico.<\/p>\n\n\n\n<p>Un s\u00edmbolo realmente preocupante por el mensaje que lleva impl\u00edcito, y m\u00e1s considerando que M\u00e9xico es un pa\u00eds feminicida donde m\u00e1s de 10 mujeres son asesinadas diariamente.\u00a0De acuerdo a cifras oficiales, en el primer semestre del 2022, al menos 47 mujeres fueron quemadas con gasolina o sustancias corrosivas.<\/p>\n\n\n\n<p>Los victimarios, esposos, parejas, familiares y hasta vecinos, cual Inquisici\u00f3n en pleno siglo XXI.De esos casos reportados donde las quemaron intencionalmente, 29 mujeres declararon que hubo violencia familiar, mientras que 18 dijeron no conocer al agresor.<\/p>\n\n\n\n<p>Luego entonces \u00bfqu\u00e9 mensaje se manda a todos los violentadores y violentadoras con la quema simb\u00f3lica en una plaza p\u00fablica? Viendo este escenario, Norma en tiempos de polarizaci\u00f3n inquisitoria, la muchedumbre la lleva a categor\u00eda de \u201cbruja\u201d.<\/p>\n\n\n\n<p>Independientemente de los tintes pol\u00edticos que quiera darse a la relaci\u00f3n Estado-Suprema Corte, Norma Pi\u00f1a vino a reforzar la confianza que mexicanos y mexicanas ten\u00edan en esa instituci\u00f3n antes de que llegara. Esto de acuerdo a una encuesta que se llev\u00f3 a cabo en este mes donde el 61 por ciento de los encuestados manifestaron tranquilidad y confianza en la Suprema Corte de Justicia de la Naci\u00f3n.Si bien, hoy en M\u00e9xico hay m\u00e1s mujeres en puestos de toma de decisiones en los tres poderes, es de reconocer el temple de la ministra Presidenta de luchar por la igualdad de derechos de las mujeres, de la justicia paritaria y llevar a su m\u00e1xima expresi\u00f3n el empoderamiento de las mujeres.<\/p>\n\n\n\n<p>Este mes he escuchado odas, discursos, mensajes, conferencias y muchos halagos a las mujeres y entre mujeres, pero me quedo con el discurso hist\u00f3rico que ha dado la Primera Presidenta de la Suprema Corte de Justicia de la Naci\u00f3n, Norma Luc\u00eda Pi\u00f1a Hern\u00e1ndez. En especial con esta parte: \u201cHoy tambi\u00e9n marcho con ustedes, pero en silencio, desde otra trinchera, al frente del Poder Judicial, luchando por lo que creemos: que es posible detener la violencia\u201d (\u2026) \u201cNos acordamos de que somos muchas, de que somos fuertes, de que nos tenemos\u201d.<\/p>\n\n\n\n<p>\u00bfSe imagina si tuvi\u00e9ramos una \u201cNorma Pi\u00f1a\u201d en las mujeres que hoy ocupan puestos de poder en el Ejecutivo, Legislativo, Judicial y \u00d3rganos Aut\u00f3nomos?<\/p>\n\n\n\n<p>Twitter: @NumerosRojos_BC<\/p>\n\n\n\n<p><a rel=\"noreferrer noopener\" href=\"mailto:caballero_brenda@hotmail.com\" target=\"_blank\">caballero_brenda@hotmail.com<\/a><\/p>\n","protected":false},"excerpt":{"rendered":"<p>N\u00fameros Rojos Brenda Caballero A cinco d\u00edas de que concluya marzo, un mes en el que se consideran diversas actividades relacionadas con el D\u00eda Internacional de la Mujer, no hemos entendido el fondo real en el que vivimos las mujeres en nuestro pa\u00eds. Premios, reconocimientos y chocholeos han cobrado m\u00e1s importancia que proteger los derechos [&hellip;]<\/p>\n","protected":false},"author":2476,"featured_media":387,"comment_status":"open","ping_status":"open","sticky":false,"template":"","format":"standard","meta":{"_jetpack_memberships_contains_paid_content":false,"footnotes":""},"categories":[11],"tags":[],"class_list":["post-38432","post","type-post","status-publish","format-standard","has-post-thumbnail","hentry","category-opinion"],"jetpack_featured_media_url":"https:\/\/encuentroinformativo.com.mx\/wp-content\/uploads\/2020\/03\/7CF8A22B-2764-47BE-8F7F-38FE9E5D6A2F.jpeg","jetpack_sharing_enabled":true,"jetpack_likes_enabled":true,"amp_enabled":true,"_links":{"self":[{"href":"https:\/\/encuentroinformativo.com.mx\/index.php?rest_route=\/wp\/v2\/posts\/38432","targetHints":{"allow":["GET"]}}],"collection":[{"href":"https:\/\/encuentroinformativo.com.mx\/index.php?rest_route=\/wp\/v2\/posts"}],"about":[{"href":"https:\/\/encuentroinformativo.com.mx\/index.php?rest_route=\/wp\/v2\/types\/post"}],"author":[{"embeddable":true,"href":"https:\/\/encuentroinformativo.com.mx\/index.php?rest_route=\/wp\/v2\/users\/2476"}],"replies":[{"embeddable":true,"href":"https:\/\/encuentroinformativo.com.mx\/index.php?rest_route=%2Fwp%2Fv2%2Fcomments&post=38432"}],"version-history":[{"count":1,"href":"https:\/\/encuentroinformativo.com.mx\/index.php?rest_route=\/wp\/v2\/posts\/38432\/revisions"}],"predecessor-version":[{"id":38433,"href":"https:\/\/encuentroinformativo.com.mx\/index.php?rest_route=\/wp\/v2\/posts\/38432\/revisions\/38433"}],"wp:featuredmedia":[{"embeddable":true,"href":"https:\/\/encuentroinformativo.com.mx\/index.php?rest_route=\/wp\/v2\/media\/387"}],"wp:attachment":[{"href":"https:\/\/encuentroinformativo.com.mx\/index.php?rest_route=%2Fwp%2Fv2%2Fmedia&parent=38432"}],"wp:term":[{"taxonomy":"category","embeddable":true,"href":"https:\/\/encuentroinformativo.com.mx\/index.php?rest_route=%2Fwp%2Fv2%2Fcategories&post=38432"},{"taxonomy":"post_tag","embeddable":true,"href":"https:\/\/encuentroinformativo.com.mx\/index.php?rest_route=%2Fwp%2Fv2%2Ftags&post=38432"}],"curies":[{"name":"wp","href":"https:\/\/api.w.org\/{rel}","templated":true}]}}