{"id":38434,"date":"2023-03-27T10:25:17","date_gmt":"2023-03-27T16:25:17","guid":{"rendered":"https:\/\/encuentroinformativo.com.mx\/?p=38434"},"modified":"2023-03-27T10:25:21","modified_gmt":"2023-03-27T16:25:21","slug":"con-protesta-familiares-denuncian-desaparicion-de-joven-gonzalo-hernandez","status":"publish","type":"post","link":"https:\/\/encuentroinformativo.com.mx\/?p=38434","title":{"rendered":"Con protesta, familiares denuncian desaparici\u00f3n de joven Gonzalo Hern\u00e1ndez"},"content":{"rendered":"\n<p><strong>Israel Garc\u00eda<\/strong><\/p>\n\n\n\n<p><div>Xalapa, Ver.- Familiares y amigos del joven desaparecido de nombre Gonzalo Hern\u00e1ndez Landa se manifestaron en plaza lerdo.<\/div><\/p>\n\n\n\n<p>Los manifestantes est\u00e1n pidiendo el apoyo del gobierno del estado de Veracruz, para localizae al joven.<\/p>\n\n\n\n<p>En las cartulinas que portan claman ayuda de las autoridades: &#8220;Te buscaremos hasta encontrarte&#8221;, &#8220;Yo soy una v\u00edctima de desaparici\u00f3n forzada&#8221;, &#8220;No vamos a parar hasta que regreses a casa&#8221;, son algunas de las frases que muestran familiares y amigos de Gonzalo Hern\u00e1ndez.<\/p>\n\n\n\n<figure class=\"wp-block-image size-large\"><img loading=\"lazy\" decoding=\"async\" width=\"1024\" height=\"768\" src=\"https:\/\/encuentroinformativo.com.mx\/wp-content\/uploads\/2023\/03\/Photo_1679933453265-1024x768.jpg\" alt=\"\" class=\"wp-image-38436\" srcset=\"https:\/\/encuentroinformativo.com.mx\/wp-content\/uploads\/2023\/03\/Photo_1679933453265-1024x768.jpg 1024w, https:\/\/encuentroinformativo.com.mx\/wp-content\/uploads\/2023\/03\/Photo_1679933453265-300x225.jpg 300w, https:\/\/encuentroinformativo.com.mx\/wp-content\/uploads\/2023\/03\/Photo_1679933453265-768x576.jpg 768w, https:\/\/encuentroinformativo.com.mx\/wp-content\/uploads\/2023\/03\/Photo_1679933453265.jpg 1040w\" sizes=\"auto, (max-width: 1024px) 100vw, 1024px\" \/><\/figure>\n\n\n\n<figure class=\"wp-block-image size-large\"><img loading=\"lazy\" decoding=\"async\" width=\"1024\" height=\"768\" src=\"https:\/\/encuentroinformativo.com.mx\/wp-content\/uploads\/2023\/03\/Photo_1679933428810-1024x768.jpg\" alt=\"\" class=\"wp-image-38439\" srcset=\"https:\/\/encuentroinformativo.com.mx\/wp-content\/uploads\/2023\/03\/Photo_1679933428810-1024x768.jpg 1024w, https:\/\/encuentroinformativo.com.mx\/wp-content\/uploads\/2023\/03\/Photo_1679933428810-300x225.jpg 300w, https:\/\/encuentroinformativo.com.mx\/wp-content\/uploads\/2023\/03\/Photo_1679933428810-768x576.jpg 768w, https:\/\/encuentroinformativo.com.mx\/wp-content\/uploads\/2023\/03\/Photo_1679933428810.jpg 1040w\" sizes=\"auto, (max-width: 1024px) 100vw, 1024px\" \/><\/figure>\n","protected":false},"excerpt":{"rendered":"<p>Israel Garc\u00eda Xalapa, Ver.- Familiares y amigos del joven desaparecido de nombre Gonzalo Hern\u00e1ndez Landa se manifestaron en plaza lerdo. Los manifestantes est\u00e1n pidiendo el apoyo del gobierno del estado de Veracruz, para localizae al joven. En las cartulinas que portan claman ayuda de las autoridades: &#8220;Te buscaremos hasta encontrarte&#8221;, &#8220;Yo soy una v\u00edctima de [&hellip;]<\/p>\n","protected":false},"author":2476,"featured_media":38438,"comment_status":"open","ping_status":"open","sticky":false,"template":"","format":"standard","meta":{"_jetpack_memberships_contains_paid_content":false,"footnotes":""},"categories":[3],"tags":[],"class_list":["post-38434","post","type-post","status-publish","format-standard","has-post-thumbnail","hentry","category-xalapa"],"jetpack_featured_media_url":"https:\/\/encuentroinformativo.com.mx\/wp-content\/uploads\/2023\/03\/Photo_1679933730147.jpg","jetpack_sharing_enabled":true,"jetpack_likes_enabled":true,"amp_enabled":true,"_links":{"self":[{"href":"https:\/\/encuentroinformativo.com.mx\/index.php?rest_route=\/wp\/v2\/posts\/38434","targetHints":{"allow":["GET"]}}],"collection":[{"href":"https:\/\/encuentroinformativo.com.mx\/index.php?rest_route=\/wp\/v2\/posts"}],"about":[{"href":"https:\/\/encuentroinformativo.com.mx\/index.php?rest_route=\/wp\/v2\/types\/post"}],"author":[{"embeddable":true,"href":"https:\/\/encuentroinformativo.com.mx\/index.php?rest_route=\/wp\/v2\/users\/2476"}],"replies":[{"embeddable":true,"href":"https:\/\/encuentroinformativo.com.mx\/index.php?rest_route=%2Fwp%2Fv2%2Fcomments&post=38434"}],"version-history":[{"count":1,"href":"https:\/\/encuentroinformativo.com.mx\/index.php?rest_route=\/wp\/v2\/posts\/38434\/revisions"}],"predecessor-version":[{"id":38440,"href":"https:\/\/encuentroinformativo.com.mx\/index.php?rest_route=\/wp\/v2\/posts\/38434\/revisions\/38440"}],"wp:featuredmedia":[{"embeddable":true,"href":"https:\/\/encuentroinformativo.com.mx\/index.php?rest_route=\/wp\/v2\/media\/38438"}],"wp:attachment":[{"href":"https:\/\/encuentroinformativo.com.mx\/index.php?rest_route=%2Fwp%2Fv2%2Fmedia&parent=38434"}],"wp:term":[{"taxonomy":"category","embeddable":true,"href":"https:\/\/encuentroinformativo.com.mx\/index.php?rest_route=%2Fwp%2Fv2%2Fcategories&post=38434"},{"taxonomy":"post_tag","embeddable":true,"href":"https:\/\/encuentroinformativo.com.mx\/index.php?rest_route=%2Fwp%2Fv2%2Ftags&post=38434"}],"curies":[{"name":"wp","href":"https:\/\/api.w.org\/{rel}","templated":true}]}}