{"id":3845,"date":"2020-07-03T23:22:07","date_gmt":"2020-07-04T04:22:07","guid":{"rendered":"https:\/\/encuentroinformativo.com\/?p=3845"},"modified":"2020-07-03T23:22:10","modified_gmt":"2020-07-04T04:22:10","slug":"veracruz-en-semaforo-rojo-por-covid","status":"publish","type":"post","link":"https:\/\/encuentroinformativo.com.mx\/?p=3845","title":{"rendered":"Veracruz en sem\u00e1foro rojo por Covid"},"content":{"rendered":"\n<p>Xalapa, Ver.- En seguimiento al panorama del coronavirus (COVID-19), la Secretar\u00eda de Salud (SS) informa que, al corte de las 19:00 horas, en la entidad han sido estudiados 20 mil 385 casos, de \u00e9stos, 6 mil 365 resultaron negativos.<\/p>\n\n\n\n<p>La cifra de positivos acumulados es 10 mil 897 (+ 226 nuevos) en 174 municipios, de los cuales mil 56 activos.<\/p>\n\n\n\n<p>Se agregan Tlilapan y Zentla con un caso cada uno.<\/p>\n\n\n\n<p>Ya son 6 mil 765 recuperados, atendidos en SS, IMSS, ISSSTE, PEMEX, SEDENA y SEMAR; de ellos, 2 mil 442 est\u00e1n bajo vigilancia.<\/p>\n\n\n\n<p>Hay reporte de mil 690 (+ 24 nuevos) fallecimientos en 116 demarcaciones.<\/p>\n\n\n\n<p>Tres mil 123 sospechosos de 147 municipios contin\u00faan en investigaci\u00f3n.<\/p>\n\n\n\n<p>En el Sem\u00e1foro de Riesgo para la semana del 06 al 12 de julio, de acuerdo con la Federaci\u00f3n, Veracruz regresa a m\u00e1ximo riesgo.<\/p>\n\n\n\n<p>A nivel estatal, el sem\u00e1foro regionalizado queda de la siguiente manera:<\/p>\n\n\n\n<p><em>\u2022<\/em> Rojo (m\u00e1ximo riesgo) 137 municipios.<br>\n<em>\u2022<\/em> Naranja (riesgo alto) 75 municipios.<br>\n<em>\u2022<\/em> Amarillo (riesgo medio) 0 municipios.<\/p>\n\n\n\n<p>Recuerda que los colores son determinados con base en la ocupaci\u00f3n hospitalaria y la condici\u00f3n de los pacientes.<\/p>\n\n\n\n<p><em><strong>Actividades permitidas<\/strong><\/em><\/p>\n\n\n\n<p><em><strong>Rojo<\/strong><\/em><\/p>\n\n\n\n<p><em>\u2022<\/em> Abiertos s\u00f3lo negocios esenciales.<br>\n<em>\u2022<\/em> Hoteles al 25% de su capacidad (el hospedaje \u00fanicamente para quienes viajen por trabajo).<br>\n<em>\u2022<\/em> Restaurantes al 25% de ocupaci\u00f3n y sin venta de bebidas alcoh\u00f3licas.<br>\n<em>\u2022<\/em> Supermercado, hasta el 50% con s\u00f3lo una persona por familia.<\/p>\n\n\n\n<p><em><strong>Naranja<\/strong><\/em><\/p>\n\n\n\n<p><em>\u2022<\/em> Cines, centros comerciales y religiosos al 25%.<br>\n<em>\u2022<\/em> Hoteles, restaurantes, parques, plazas, est\u00e9ticas, gimnasios, albercas, centros deportivos y de masaje al 50%.<br>\n<em>\u2022<\/em> Supermercados al 75%, pero s\u00f3lo una persona por familia.<\/p>\n\n\n\n<p><em><strong>CAME-C19<\/strong><\/em><\/p>\n\n\n\n<p>Este viernes inici\u00f3 operaciones el Centro de Atenci\u00f3n M\u00e9dica Expandida COVID-19 (CAME-C19) Vel\u00f3dromo Internacional de Xalapa, que atender\u00e1 a pacientes no graves con el fin de reforzar la estrategia de cuidados a personas graves y dar m\u00e1s apoyo a los equipos m\u00e9dicos de los hospitales de la red COVID-19.<\/p>\n\n\n\n<p>Es necesario aclarar que en ninguno de los CAME-C19 se brindan consultas m\u00e9dicas, en caso de que lo requieras tendr\u00e1s que acudir al Centro de Salud que te corresponda o al hospital m\u00e1s cercano, para que los especialistas determinen si eres paciente sospechoso o positivo a coronavirus.<\/p>\n\n\n\n<p>Los centros de atenci\u00f3n expandida \u00fanicamente recibir\u00e1n a personas referidas por la red de hospitales COVID-19, seg\u00fan la regi\u00f3n.<\/p>\n\n\n\n<p>Mantente informado visitando la p\u00e1gina coronavirus.veracruz.gob.mx a fin de conocer qu\u00e9 color del sem\u00e1foro regionalizado tiene tu municipio, adem\u00e1s del \u00edndice de casos; a disposici\u00f3n tienes la l\u00ednea 800 012 34 56 donde especialistas te orientar\u00e1n con respecto a s\u00edntomas y acciones pertinentes, adem\u00e1s de ofrecerte asistencia psicol\u00f3gica.<\/p>\n\n\n\n<p><em>\u00a1Est\u00e1 funcionando, no aflojemos!<\/em><\/p>\n","protected":false},"excerpt":{"rendered":"<p>Xalapa, Ver.- En seguimiento al panorama del coronavirus (COVID-19), la Secretar\u00eda de Salud (SS) informa que, al corte de las 19:00 horas, en la entidad han sido estudiados 20 mil 385 casos, de \u00e9stos, 6 mil 365 resultaron negativos. La cifra de positivos acumulados es 10 mil 897 (+ 226 nuevos) en 174 municipios, de [&hellip;]<\/p>\n","protected":false},"author":1,"featured_media":3846,"comment_status":"open","ping_status":"open","sticky":false,"template":"","format":"standard","meta":{"_jetpack_memberships_contains_paid_content":false,"footnotes":""},"categories":[9],"tags":[],"class_list":["post-3845","post","type-post","status-publish","format-standard","has-post-thumbnail","hentry","category-salud"],"jetpack_featured_media_url":"https:\/\/encuentroinformativo.com.mx\/wp-content\/uploads\/2020\/07\/F7FDF93D-6630-4A9C-8A84-8B16D54ADB4A.jpeg","jetpack_sharing_enabled":true,"jetpack_likes_enabled":true,"amp_enabled":true,"_links":{"self":[{"href":"https:\/\/encuentroinformativo.com.mx\/index.php?rest_route=\/wp\/v2\/posts\/3845","targetHints":{"allow":["GET"]}}],"collection":[{"href":"https:\/\/encuentroinformativo.com.mx\/index.php?rest_route=\/wp\/v2\/posts"}],"about":[{"href":"https:\/\/encuentroinformativo.com.mx\/index.php?rest_route=\/wp\/v2\/types\/post"}],"author":[{"embeddable":true,"href":"https:\/\/encuentroinformativo.com.mx\/index.php?rest_route=\/wp\/v2\/users\/1"}],"replies":[{"embeddable":true,"href":"https:\/\/encuentroinformativo.com.mx\/index.php?rest_route=%2Fwp%2Fv2%2Fcomments&post=3845"}],"version-history":[{"count":1,"href":"https:\/\/encuentroinformativo.com.mx\/index.php?rest_route=\/wp\/v2\/posts\/3845\/revisions"}],"predecessor-version":[{"id":3847,"href":"https:\/\/encuentroinformativo.com.mx\/index.php?rest_route=\/wp\/v2\/posts\/3845\/revisions\/3847"}],"wp:featuredmedia":[{"embeddable":true,"href":"https:\/\/encuentroinformativo.com.mx\/index.php?rest_route=\/wp\/v2\/media\/3846"}],"wp:attachment":[{"href":"https:\/\/encuentroinformativo.com.mx\/index.php?rest_route=%2Fwp%2Fv2%2Fmedia&parent=3845"}],"wp:term":[{"taxonomy":"category","embeddable":true,"href":"https:\/\/encuentroinformativo.com.mx\/index.php?rest_route=%2Fwp%2Fv2%2Fcategories&post=3845"},{"taxonomy":"post_tag","embeddable":true,"href":"https:\/\/encuentroinformativo.com.mx\/index.php?rest_route=%2Fwp%2Fv2%2Ftags&post=3845"}],"curies":[{"name":"wp","href":"https:\/\/api.w.org\/{rel}","templated":true}]}}