{"id":38454,"date":"2023-03-27T12:55:18","date_gmt":"2023-03-27T18:55:18","guid":{"rendered":"https:\/\/encuentroinformativo.com.mx\/?p=38454"},"modified":"2023-03-27T12:55:22","modified_gmt":"2023-03-27T18:55:22","slug":"celebraran-aniversario-de-festival-de-aves-en-la-mancha","status":"publish","type":"post","link":"https:\/\/encuentroinformativo.com.mx\/?p=38454","title":{"rendered":"Celebrar\u00e1n aniversario de Festival de Aves en La Mancha"},"content":{"rendered":"\n<p><strong>Juan Arcos <\/strong><\/p>\n\n\n\n<p>Xalapa, Ver.- Miles de aves rapaces podr\u00e1n observarse en la zona de La Mancha, municipio de Actopan, durante el vig\u00e9simo cuarto aniversario del Festival de Aves y Humedales, que se llevar\u00e1 a cabo el pr\u00f3ximo s\u00e1bado 1 de abril.<\/p>\n\n\n\n<p>El director general del Instituto de Ecolog\u00eda (Inecol), Armando Contreras Hern\u00e1ndez, indic\u00f3 que se espera la llegada de m\u00e1s de 2 mil visitantes a dicho evento gratuito.<\/p>\n\n\n\n<p>\u201cEl festival ya tiene un prestigio, la gente lo espera, ha tenido distintos rumbos, a veces es m\u00e1s l\u00fadico, otras veces m\u00e1s art\u00edstico y otras veces es m\u00e1s dentro del \u00e1mbito de conocer la propia estaci\u00f3n\u201d, expres\u00f3.<\/p>\n\n\n\n<p>El investigador record\u00f3 que la regi\u00f3n de La Mancha, se localiza en una de las principales rutas migratorias de aves del mundo. Por esta zona llegan a pasar alrededor de 13 millones de aves en una sola temporada de migraci\u00f3n.<\/p>\n\n\n\n<p>Se sabe que al menos 38 especies de aves playeras migran desde Estados Unidos y Canad\u00e1 hacia su paso al sur y en su camino muchas de ellas descansan y se alimentan en los humedales y playas de la regi\u00f3n.<\/p>\n\n\n\n<p>Durante el evento habr\u00e1 charlas, recorridos en lancha, talleres y actividades culturales y hasta deportivas.<\/p>\n\n\n\n<p>Este festival es un evento familiar, que surgi\u00f3 como una ventana del Plan de Manejo Comunitario La Mancha-El Llano, el cual tiene como objetivo sensibilizar al p\u00fablico asistente en la conservaci\u00f3n y aprendizaje sobre las aves playeras y humedales y los trabajos de conservaci\u00f3n que se llevan a cabo en esta \u00e1rea natural protegida.<\/p>\n\n\n\n<p>La entrada es gratis, con un horario de 10:00 a 15:00 horas. La inauguraci\u00f3n ser\u00e1 a las diez de la ma\u00f1ana, en la que se contar\u00e1 con asistencia de autoridades de los tres niveles de gobierno y se realizar\u00e1 un acto art\u00edstico que dar\u00e1 inicio.<\/p>\n","protected":false},"excerpt":{"rendered":"<p>Juan Arcos Xalapa, Ver.- Miles de aves rapaces podr\u00e1n observarse en la zona de La Mancha, municipio de Actopan, durante el vig\u00e9simo cuarto aniversario del Festival de Aves y Humedales, que se llevar\u00e1 a cabo el pr\u00f3ximo s\u00e1bado 1 de abril. El director general del Instituto de Ecolog\u00eda (Inecol), Armando Contreras Hern\u00e1ndez, indic\u00f3 que se [&hellip;]<\/p>\n","protected":false},"author":2476,"featured_media":38455,"comment_status":"open","ping_status":"open","sticky":false,"template":"","format":"standard","meta":{"_jetpack_memberships_contains_paid_content":false,"footnotes":""},"categories":[8],"tags":[],"class_list":["post-38454","post","type-post","status-publish","format-standard","has-post-thumbnail","hentry","category-region"],"jetpack_featured_media_url":"https:\/\/encuentroinformativo.com.mx\/wp-content\/uploads\/2023\/03\/IMG_8427.jpg","jetpack_sharing_enabled":true,"jetpack_likes_enabled":true,"amp_enabled":true,"_links":{"self":[{"href":"https:\/\/encuentroinformativo.com.mx\/index.php?rest_route=\/wp\/v2\/posts\/38454","targetHints":{"allow":["GET"]}}],"collection":[{"href":"https:\/\/encuentroinformativo.com.mx\/index.php?rest_route=\/wp\/v2\/posts"}],"about":[{"href":"https:\/\/encuentroinformativo.com.mx\/index.php?rest_route=\/wp\/v2\/types\/post"}],"author":[{"embeddable":true,"href":"https:\/\/encuentroinformativo.com.mx\/index.php?rest_route=\/wp\/v2\/users\/2476"}],"replies":[{"embeddable":true,"href":"https:\/\/encuentroinformativo.com.mx\/index.php?rest_route=%2Fwp%2Fv2%2Fcomments&post=38454"}],"version-history":[{"count":1,"href":"https:\/\/encuentroinformativo.com.mx\/index.php?rest_route=\/wp\/v2\/posts\/38454\/revisions"}],"predecessor-version":[{"id":38456,"href":"https:\/\/encuentroinformativo.com.mx\/index.php?rest_route=\/wp\/v2\/posts\/38454\/revisions\/38456"}],"wp:featuredmedia":[{"embeddable":true,"href":"https:\/\/encuentroinformativo.com.mx\/index.php?rest_route=\/wp\/v2\/media\/38455"}],"wp:attachment":[{"href":"https:\/\/encuentroinformativo.com.mx\/index.php?rest_route=%2Fwp%2Fv2%2Fmedia&parent=38454"}],"wp:term":[{"taxonomy":"category","embeddable":true,"href":"https:\/\/encuentroinformativo.com.mx\/index.php?rest_route=%2Fwp%2Fv2%2Fcategories&post=38454"},{"taxonomy":"post_tag","embeddable":true,"href":"https:\/\/encuentroinformativo.com.mx\/index.php?rest_route=%2Fwp%2Fv2%2Ftags&post=38454"}],"curies":[{"name":"wp","href":"https:\/\/api.w.org\/{rel}","templated":true}]}}