{"id":38457,"date":"2023-03-27T13:29:28","date_gmt":"2023-03-27T19:29:28","guid":{"rendered":"https:\/\/encuentroinformativo.com.mx\/?p=38457"},"modified":"2023-03-27T13:29:32","modified_gmt":"2023-03-27T19:29:32","slug":"persisten-bloqueos-en-zona-de-naolinco","status":"publish","type":"post","link":"https:\/\/encuentroinformativo.com.mx\/?p=38457","title":{"rendered":"Persisten bloqueos en zona de Naolinco"},"content":{"rendered":"\n<p><strong>Juan Arcos <\/strong><\/p>\n\n\n\n<p>Xalapa, Ver.- En el municipio de Naolinco se registraron dos protestas y bloqueos carreteros en distintos puntos durante este lunes 27 de marzo, lo que gener\u00f3 un gran caos vial en esta zona cercana a la ciudad de Xalapa.<\/p>\n\n\n\n<p>Una de las manifestaciones ocurri\u00f3 a la altura del puente \u201cAgua Santa\u201d, con direcci\u00f3n a la cabecera municipal de Naolinco.<\/p>\n\n\n\n<p>Se trata de padres de familia del jard\u00edn de ni\u00f1os \u201cIzcalli\u201d, que se encuentra en la localidad San Pablo Coapan, donde indicaron que llevan m\u00e1s de un a\u00f1o con las solicitudes para la construcci\u00f3n de un aula.<\/p>\n\n\n\n<p>La gente teme por la seguridad de los estudiantes, debido a que el preescolar tiene 50 a\u00f1os de antig\u00fcedad y uno de los salones presenta deterioro, por lo que en cualquier momento podr\u00eda colapsar.<\/p>\n\n\n\n<p>Las mam\u00e1s y pap\u00e1s denunciaron que el alcalde de Naolinco, Luis Manuel Montero Hern\u00e1ndez, minimiza los riesgos del plantel educativo y, por ello, decidieron manifestarse, cerrando la carretera.<\/p>\n\n\n\n<p>La otra protesta fue encabezada por madres y padres de familia del preescolar \u201cManuel Oropeza\u201d con direcci\u00f3n a la localidad San Marcos Atexquilapan, donde exigen la rehabilitaci\u00f3n de aulas.<\/p>\n\n\n\n<p>Las personas reclamaron una respuesta inmediata al Presidente Municipal de Naolinco y a las autoridades de la Secretar\u00eda de Educaci\u00f3n de Veracruz (SEV).<\/p>\n","protected":false},"excerpt":{"rendered":"<p>Juan Arcos Xalapa, Ver.- En el municipio de Naolinco se registraron dos protestas y bloqueos carreteros en distintos puntos durante este lunes 27 de marzo, lo que gener\u00f3 un gran caos vial en esta zona cercana a la ciudad de Xalapa. Una de las manifestaciones ocurri\u00f3 a la altura del puente \u201cAgua Santa\u201d, con direcci\u00f3n [&hellip;]<\/p>\n","protected":false},"author":2476,"featured_media":38458,"comment_status":"open","ping_status":"open","sticky":false,"template":"","format":"standard","meta":{"_jetpack_memberships_contains_paid_content":false,"footnotes":""},"categories":[8],"tags":[],"class_list":["post-38457","post","type-post","status-publish","format-standard","has-post-thumbnail","hentry","category-region"],"jetpack_featured_media_url":"https:\/\/encuentroinformativo.com.mx\/wp-content\/uploads\/2023\/03\/IMG_8468.jpg","jetpack_sharing_enabled":true,"jetpack_likes_enabled":true,"amp_enabled":true,"_links":{"self":[{"href":"https:\/\/encuentroinformativo.com.mx\/index.php?rest_route=\/wp\/v2\/posts\/38457","targetHints":{"allow":["GET"]}}],"collection":[{"href":"https:\/\/encuentroinformativo.com.mx\/index.php?rest_route=\/wp\/v2\/posts"}],"about":[{"href":"https:\/\/encuentroinformativo.com.mx\/index.php?rest_route=\/wp\/v2\/types\/post"}],"author":[{"embeddable":true,"href":"https:\/\/encuentroinformativo.com.mx\/index.php?rest_route=\/wp\/v2\/users\/2476"}],"replies":[{"embeddable":true,"href":"https:\/\/encuentroinformativo.com.mx\/index.php?rest_route=%2Fwp%2Fv2%2Fcomments&post=38457"}],"version-history":[{"count":1,"href":"https:\/\/encuentroinformativo.com.mx\/index.php?rest_route=\/wp\/v2\/posts\/38457\/revisions"}],"predecessor-version":[{"id":38459,"href":"https:\/\/encuentroinformativo.com.mx\/index.php?rest_route=\/wp\/v2\/posts\/38457\/revisions\/38459"}],"wp:featuredmedia":[{"embeddable":true,"href":"https:\/\/encuentroinformativo.com.mx\/index.php?rest_route=\/wp\/v2\/media\/38458"}],"wp:attachment":[{"href":"https:\/\/encuentroinformativo.com.mx\/index.php?rest_route=%2Fwp%2Fv2%2Fmedia&parent=38457"}],"wp:term":[{"taxonomy":"category","embeddable":true,"href":"https:\/\/encuentroinformativo.com.mx\/index.php?rest_route=%2Fwp%2Fv2%2Fcategories&post=38457"},{"taxonomy":"post_tag","embeddable":true,"href":"https:\/\/encuentroinformativo.com.mx\/index.php?rest_route=%2Fwp%2Fv2%2Ftags&post=38457"}],"curies":[{"name":"wp","href":"https:\/\/api.w.org\/{rel}","templated":true}]}}