{"id":38466,"date":"2023-03-27T14:19:41","date_gmt":"2023-03-27T20:19:41","guid":{"rendered":"https:\/\/encuentroinformativo.com.mx\/?p=38466"},"modified":"2023-03-27T14:19:45","modified_gmt":"2023-03-27T20:19:45","slug":"joven-pide-agilizar-busqueda-de-su-madre-desaparecida-en-xalapa","status":"publish","type":"post","link":"https:\/\/encuentroinformativo.com.mx\/?p=38466","title":{"rendered":"Joven pide agilizar b\u00fasqueda de su madre desaparecida en Xalapa"},"content":{"rendered":"\n<p><strong>Dar\u00edo Pale <\/strong><\/p>\n\n\n\n<p>Xalapa, Ver.- Joven pide agilizar investigaci\u00f3n para dar con el paradero de su mam\u00e1 ya que la se\u00f1ora desapareci\u00f3 el pasado 15 de marzo de este a\u00f1o en Xalapa y hasta el momento desconocen que pas\u00f3.<\/p>\n\n\n\n<p>En conferencia de prensa Marcos Huerta Barrientos denunci\u00f3 la desaparici\u00f3n de su mam\u00e1, la se\u00f1ora Mar\u00eda de Lourdes Barrientos Jim\u00e9nez, quien tiene 58 a\u00f1os de edad, el \u00faltimo d\u00eda que se le vio fue el 15 de marzo de este a\u00f1o en Xalapa.<\/p>\n\n\n\n<p>Indic\u00f3 que sali\u00f3 de su casa alrededor de las 12 del d\u00eda rumbo al centro y ya no se supo nada de ella, su hijo dijo que ya se interpuso la denuncia ante la Fiscal\u00eda General del Estado de Veracruz.<\/p>\n\n\n\n<p>Asimismo, dijo que cuenta con dos n\u00fameros de celular, \u00a0pero a pesar de marcarle, no contest\u00f3.<\/p>\n\n\n\n<p>Record\u00f3 que desde 1992 y hasta 2012, la se\u00f1ora tuvo una panader\u00eda y le entregaban pan a la academia estatal de polic\u00eda y a varios hoteles, a dem\u00e1s, la se\u00f1ora contaba con cuartos que rentaban.<\/p>\n\n\n\n<p>Finalmente, pidi\u00f3 a las autoridades a que agilicen las investigaciones para dar con el paradero de su mam\u00e1.<\/p>\n","protected":false},"excerpt":{"rendered":"<p>Dar\u00edo Pale Xalapa, Ver.- Joven pide agilizar investigaci\u00f3n para dar con el paradero de su mam\u00e1 ya que la se\u00f1ora desapareci\u00f3 el pasado 15 de marzo de este a\u00f1o en Xalapa y hasta el momento desconocen que pas\u00f3. En conferencia de prensa Marcos Huerta Barrientos denunci\u00f3 la desaparici\u00f3n de su mam\u00e1, la se\u00f1ora Mar\u00eda de [&hellip;]<\/p>\n","protected":false},"author":2476,"featured_media":38467,"comment_status":"open","ping_status":"open","sticky":false,"template":"","format":"standard","meta":{"_jetpack_memberships_contains_paid_content":false,"footnotes":""},"categories":[3],"tags":[],"class_list":["post-38466","post","type-post","status-publish","format-standard","has-post-thumbnail","hentry","category-xalapa"],"jetpack_featured_media_url":"https:\/\/encuentroinformativo.com.mx\/wp-content\/uploads\/2023\/03\/IMG-20230327-WA0073.jpg","jetpack_sharing_enabled":true,"jetpack_likes_enabled":true,"amp_enabled":true,"_links":{"self":[{"href":"https:\/\/encuentroinformativo.com.mx\/index.php?rest_route=\/wp\/v2\/posts\/38466","targetHints":{"allow":["GET"]}}],"collection":[{"href":"https:\/\/encuentroinformativo.com.mx\/index.php?rest_route=\/wp\/v2\/posts"}],"about":[{"href":"https:\/\/encuentroinformativo.com.mx\/index.php?rest_route=\/wp\/v2\/types\/post"}],"author":[{"embeddable":true,"href":"https:\/\/encuentroinformativo.com.mx\/index.php?rest_route=\/wp\/v2\/users\/2476"}],"replies":[{"embeddable":true,"href":"https:\/\/encuentroinformativo.com.mx\/index.php?rest_route=%2Fwp%2Fv2%2Fcomments&post=38466"}],"version-history":[{"count":1,"href":"https:\/\/encuentroinformativo.com.mx\/index.php?rest_route=\/wp\/v2\/posts\/38466\/revisions"}],"predecessor-version":[{"id":38468,"href":"https:\/\/encuentroinformativo.com.mx\/index.php?rest_route=\/wp\/v2\/posts\/38466\/revisions\/38468"}],"wp:featuredmedia":[{"embeddable":true,"href":"https:\/\/encuentroinformativo.com.mx\/index.php?rest_route=\/wp\/v2\/media\/38467"}],"wp:attachment":[{"href":"https:\/\/encuentroinformativo.com.mx\/index.php?rest_route=%2Fwp%2Fv2%2Fmedia&parent=38466"}],"wp:term":[{"taxonomy":"category","embeddable":true,"href":"https:\/\/encuentroinformativo.com.mx\/index.php?rest_route=%2Fwp%2Fv2%2Fcategories&post=38466"},{"taxonomy":"post_tag","embeddable":true,"href":"https:\/\/encuentroinformativo.com.mx\/index.php?rest_route=%2Fwp%2Fv2%2Ftags&post=38466"}],"curies":[{"name":"wp","href":"https:\/\/api.w.org\/{rel}","templated":true}]}}