{"id":38480,"date":"2023-03-27T15:07:11","date_gmt":"2023-03-27T21:07:11","guid":{"rendered":"https:\/\/encuentroinformativo.com.mx\/?p=38480"},"modified":"2023-03-27T15:07:16","modified_gmt":"2023-03-27T21:07:16","slug":"tras-24-horas-de-bloqueos-autoridades-prometen-justicia-a-familiares-de-valeria","status":"publish","type":"post","link":"https:\/\/encuentroinformativo.com.mx\/?p=38480","title":{"rendered":"Tras 24 horas de bloqueos, autoridades prometen justicia a familiares de Valeria"},"content":{"rendered":"\n<p><strong>Dar\u00edo Pale <\/strong><\/p>\n\n\n\n<p>Xalapa, Ver.- El gobernador del estado Cuitl\u00e1huac Garc\u00eda Jim\u00e9nez dijo que habr\u00e1 justicia, a la familia de Valeria, no existe riesgo de que sean desalojados, luego de m\u00e1s de 24 horas de bloqueo en carretera Amozoc-Nautla.<\/p>\n\n\n\n<p>En conferencia de prensa se\u00f1al\u00f3 que luego de m\u00e1s de 24 horas de bloqueo en la carretera Amozoc- Nautla, en el municipio de San Rafael, por el crimen de la joven Valeria N; el gobernador le mand\u00f3 decir a la familia que habr\u00e1 justicia.<\/p>\n\n\n\n<p>Asegur\u00f3 que ya est\u00e1 avanzada la investigaci\u00f3n del crimen ocurrido el pasado 21 de marzo, el cuerpo de la joven de 22 a\u00f1os fue hallado en un predio de la localidad de Puntilla Aldama, all\u00e1 en San Rafael.<\/p>\n\n\n\n<p>&#8220;Va a haber justicia, que no lo duden, la investigaci\u00f3n est\u00e1 avanzada, todo eso lo lleva la Fiscal\u00eda, es un \u00f3rgano aut\u00f3nomo, pero nosotros estamos atentos todos los d\u00edas y la fiscal nos ha comentado que va muy avanzado, va a haber justicia&#8221;, se\u00f1al\u00f3.<\/p>\n\n\n\n<p>Cuestionado sobre el tiempo que lleva el bloqueo, indic\u00f3 que se &#8220;les convence&#8221;, adem\u00e1s asegur\u00f3 que en el bloqueo ya ni siquiera est\u00e1 la familia de la joven.<\/p>\n\n\n\n<p>El Ejecutivo pidi\u00f3 a la familia que se acerque y conf\u00ede en la Fiscal\u00eda General del Estado que no ha dejado este tipo de casos impune.<br>Descart\u00f3 que los manifestantes vayan a ser desalojados, toda vez que es una v\u00eda de comunicaci\u00f3n federal, ya que asegur\u00f3 est\u00e1n tranquilos.<\/p>\n\n\n\n<p>&#8220;No, no, porque las personas est\u00e1n tranquilas, es leg\u00edtimo, estaba ah\u00ed la familia, nada m\u00e1s hab\u00eda que explicarles, es la Fiscal\u00eda la que atiende, no est\u00e1 en mis atribuciones&#8221;, coment\u00f3.<\/p>\n\n\n\n<p>Insisti\u00f3 en que se les convencer\u00e1 de desalojar la carretera, adem\u00e1s de que cada vez hay menos personas y la familia de Valeria ya lo entendi\u00f3, sin embargo, no descart\u00f3 que quienes s\u00ed se queden est\u00e9n buscando otro inter\u00e9s.<\/p>\n\n\n\n<p>En el caso de las demandas de justicia por la desaparici\u00f3n de dos personas, particularmente este lunes, una por la del joven Gonzalo Hern\u00e1ndez Landa y la se\u00f1ora Mar\u00eda de Lourdes Barrientos Jim\u00e9nez, Garc\u00eda Jim\u00e9nez pidi\u00f3 que se acerquen a la Comisi\u00f3n Estatal de B\u00fasqueda.<\/p>\n\n\n\n<p>Finalmente se\u00f1al\u00f3 que dicha comisi\u00f3n cuenta con veh\u00edculos, un lugar y presupuesto para atender este tipo de casos que atienden de inmediato.<\/p>\n","protected":false},"excerpt":{"rendered":"<p>Dar\u00edo Pale Xalapa, Ver.- El gobernador del estado Cuitl\u00e1huac Garc\u00eda Jim\u00e9nez dijo que habr\u00e1 justicia, a la familia de Valeria, no existe riesgo de que sean desalojados, luego de m\u00e1s de 24 horas de bloqueo en carretera Amozoc-Nautla. En conferencia de prensa se\u00f1al\u00f3 que luego de m\u00e1s de 24 horas de bloqueo en la carretera [&hellip;]<\/p>\n","protected":false},"author":2476,"featured_media":35069,"comment_status":"open","ping_status":"open","sticky":false,"template":"","format":"standard","meta":{"_jetpack_memberships_contains_paid_content":false,"footnotes":""},"categories":[2],"tags":[],"class_list":["post-38480","post","type-post","status-publish","format-standard","has-post-thumbnail","hentry","category-estado"],"jetpack_featured_media_url":"https:\/\/encuentroinformativo.com.mx\/wp-content\/uploads\/2023\/01\/f0baca9e-04a7-4d19-afe7-54fffbe49b31.jpg","jetpack_sharing_enabled":true,"jetpack_likes_enabled":true,"amp_enabled":true,"_links":{"self":[{"href":"https:\/\/encuentroinformativo.com.mx\/index.php?rest_route=\/wp\/v2\/posts\/38480","targetHints":{"allow":["GET"]}}],"collection":[{"href":"https:\/\/encuentroinformativo.com.mx\/index.php?rest_route=\/wp\/v2\/posts"}],"about":[{"href":"https:\/\/encuentroinformativo.com.mx\/index.php?rest_route=\/wp\/v2\/types\/post"}],"author":[{"embeddable":true,"href":"https:\/\/encuentroinformativo.com.mx\/index.php?rest_route=\/wp\/v2\/users\/2476"}],"replies":[{"embeddable":true,"href":"https:\/\/encuentroinformativo.com.mx\/index.php?rest_route=%2Fwp%2Fv2%2Fcomments&post=38480"}],"version-history":[{"count":1,"href":"https:\/\/encuentroinformativo.com.mx\/index.php?rest_route=\/wp\/v2\/posts\/38480\/revisions"}],"predecessor-version":[{"id":38481,"href":"https:\/\/encuentroinformativo.com.mx\/index.php?rest_route=\/wp\/v2\/posts\/38480\/revisions\/38481"}],"wp:featuredmedia":[{"embeddable":true,"href":"https:\/\/encuentroinformativo.com.mx\/index.php?rest_route=\/wp\/v2\/media\/35069"}],"wp:attachment":[{"href":"https:\/\/encuentroinformativo.com.mx\/index.php?rest_route=%2Fwp%2Fv2%2Fmedia&parent=38480"}],"wp:term":[{"taxonomy":"category","embeddable":true,"href":"https:\/\/encuentroinformativo.com.mx\/index.php?rest_route=%2Fwp%2Fv2%2Fcategories&post=38480"},{"taxonomy":"post_tag","embeddable":true,"href":"https:\/\/encuentroinformativo.com.mx\/index.php?rest_route=%2Fwp%2Fv2%2Ftags&post=38480"}],"curies":[{"name":"wp","href":"https:\/\/api.w.org\/{rel}","templated":true}]}}