{"id":38491,"date":"2023-03-28T09:49:37","date_gmt":"2023-03-28T15:49:37","guid":{"rendered":"https:\/\/encuentroinformativo.com.mx\/?p=38491"},"modified":"2023-03-28T09:49:42","modified_gmt":"2023-03-28T15:49:42","slug":"inauguran-el-centro-de-documentacion-del-son-jarocho","status":"publish","type":"post","link":"https:\/\/encuentroinformativo.com.mx\/?p=38491","title":{"rendered":"INAUGURAN EL CENTRO DE DOCUMENTACI\u00d3N DEL SON JAROCHO"},"content":{"rendered":"\n<p><strong>ColumnaSinNombre<br>@pablojair<\/strong><\/p>\n\n\n\n<ul class=\"wp-block-list\"><li>Rinden honores a los ca\u00eddos en la pandemia.<\/li><li>El secre Zenyazen y su gira por Tuxpan.<\/li><li>Van por impulso al turismo de reuniones.<\/li><\/ul>\n\n\n\n<p>Willie Col\u00f3n estar\u00e1 en Veracruz<br>y uno ya anda practicando<br>la de &#8220;El D\u00eda De Mi Suerte&#8221;\u2026<br>&#8211;Chopenjawer<\/p>\n\n\n\n<p>J\u00e1ltipan es de esos lugares m\u00e1gicos pocos conocidos en el sur de Veracruz. Por su sangre corre la m\u00fasica y la historia.<\/p>\n\n\n\n<p>No s\u00f3lo es el lugar donde vivi\u00f3 uno de los gobernadores m\u00e1s recordados de Veracruz: Fernando L\u00f3pez Arias, sino que est\u00e1 muy ligado al son jarocho.<\/p>\n\n\n\n<p>En una ocasi\u00f3n, nos invitaron a un recital con el cantautor David Haro, en un rancho llamado &#8220;La Guadalupe&#8221;, famoso porque su due\u00f1o Pablo Ram\u00edrez (hasta antes de la violencia del crimen organizado en tiempos de Calder\u00f3n\/Fidel) siempre ten\u00eda abiertas las puertas y dejaba que los amigos se instalaran en una palapa para convivir.<\/p>\n\n\n\n<p>Esa tarde llegamos como parte del staff de OlmecaTV al concierto tipo unplugged donde ya circulaban las chelas y se convert\u00eda en bohemia. Uno de los chavos de Coatzacoalcos preguntaba d\u00f3nde nos encontr\u00e1bamos:<\/p>\n\n\n\n<p>&#8211;En J\u00e1ltipan, bro\u2026<br>&#8211;Aaah\u2026 \u00bfEs cerca de Veracruz, no?<br>&#8211;Este\u2026 No.<\/p>\n\n\n\n<p>Pocos saben que a J\u00e1ltipan llegan m\u00fasicos bastantes reconocidos a visitar Las Lomas de Tacamichapan, donde se dan clases de son jarocho y toda la cultura alrededor de este g\u00e9nero. De repente pod\u00edas ver a integrantes de &#8220;La Maldita Vecindad&#8221; caminando por sus calles o al mism\u00edsimo Zach de la Rocha, de Rage Against The Machine, echando palomazo.<\/p>\n\n\n\n<p>Uno de los grandes impulsores de la m\u00fasica jarocha &#8211;no s\u00f3lo en J\u00e1ltipan, sino en toda la zona sur&#8211; es Ricardo Perry Guill\u00e9n, uno de los promotores culturales m\u00e1s respetados, co-creador de Los Cojolites, una de las bandas m\u00e1s representativas del nuevo son.<\/p>\n\n\n\n<p>Perry, entre los a\u00f1os 70 y 80, fue parte de ese grupo de j\u00f3venes inquietos (minatitlecos, of course, no hay otros) en los que estuvieron Jos\u00e9 Homero, Manuel Uribe, Luis Arturo Ramos, Juan Mel\u00e9ndez, y otros que escapan a la memoria &#8211;ustedes disculpen, pero soy del 79, as\u00ed que apenas estaba conociendo el mundo&#8211; que hicieron toda una revoluci\u00f3n cultural en el sur a trav\u00e9s de las letras y la m\u00fasica.<\/p>\n\n\n\n<p>Fue gracias a este tipo de iniciativas, por ejemplo, que leyendas como Don Arcadio Hidalgo resurgieron del olvido donde lo ten\u00edan, haciendo renacer a &#8220;Mono Blanco&#8221;.<\/p>\n\n\n\n<p>Incluso ese grupo gan\u00f3 un Premio Nacional de Periodismo por el suplemento cultural que formaban en Diario del Istmo, pero los propietarios del peri\u00f3dico prefirieron agenciarse el galard\u00f3n y presumirlo como suyo, sin darle cr\u00e9dito a los entonces j\u00f3venes editores.<\/p>\n\n\n\n<p>Ese trabajo de impulsar la cultura permanece hasta hoy, pues si bien existe una fuerte influencia zapoteca-oaxaque\u00f1a en la regi\u00f3n sur de Veracruz, gracias a los esfuerzos de esos inquietos se logr\u00f3 que la identidad veracruzana se rescatara y surgieran nuevas generaciones de m\u00fasicos dedicados en cuerpo y alma al son jarocho. El ejemplo m\u00e1s reciente y emblem\u00e1tico son precisamente Los Cojolites, que han tenido \u00e9xito internacional sin perder la humildad y frescura que los caracteriza.<\/p>\n\n\n\n<p>Lo m\u00e1s nuevo que podr\u00e1n lucir en J\u00e1ltipan es el nuevo edificio del Centro de Documentaci\u00f3n del Son Jarocho, que ser\u00e1 inaugurado este viernes 31 de marzo a las 6 de la tarde. Tienen a una madrina de lujo: la tambi\u00e9n cantautora Natalia Lafourcade, quien aport\u00f3 los recursos para construir el nuevo inmueble.<\/p>\n\n\n\n<p>&#8220;Vamos a arribar a un momento muy especial para la cultura del sur de Veracruz, para J\u00e1ltipan y para nuestro proyecto cultural continuo&#8221;, expresan los del Centro a trav\u00e9s de redes sociales.<\/p>\n\n\n\n<p>Y explican: &#8220;El 7 de septiembre del 17, el gran terremoto que sacudi\u00f3 el istmo mexicano, da\u00f1\u00f3 estructuralmente la vieja edificaci\u00f3n donde viv\u00edamos y hac\u00edamos un trabajo cultural que ya cumple 29 a\u00f1os. En un rato que fue tan eterno, perdimos las instalaciones y nuestras casas. Natalia Lafourcade hab\u00eda sido testigo del trabajo que hacemos en la educaci\u00f3n de los ni\u00f1os y j\u00f3venes tanto aqu\u00ed en este lugar como en Luna Negra. Nos habl\u00f3 si quer\u00edamos que ella construyera un nuevo centro cultural. La alegr\u00eda se adue\u00f1\u00f3 de nosotros, hab\u00eda renacido la esperanza. No fue f\u00e1cil, el trabajo fue fuerte, fuimos testigo del gran esfuerzo de Natalia para lograrlo pero este esfuerzo tambien dio sus frutos, pues la m\u00fasica del concierto en el Auditorio Nacional con la finalidad de juntar fondos ha sido ganador de muchos premios, entre ellos el ser Disco del A\u00f1o en los Grammys latinos. Tuvimos una etapa dif\u00edcil por la pandemia, la construcci\u00f3n se detuvo y se encarecieron los materiales. Luego se retom\u00f3 el camino para llegar a este d\u00eda en donde Natalia Lafourcade har\u00e1 entrega de este inmueble a todos los que ah\u00ed convergemos. Muchas gracias querida Natalia, te lo agradecemos profundamente a nombre de toda nuestra comunidad comprometida con la cultura de nuestro pueblo. Gracias&#8221;.<\/p>\n\n\n\n<p>&#8220;VAMOS A CELEBRARLO, EST\u00c1N TODOS INVITADOS\u2026 Nota: No habr\u00e1 invitados especiales, todo el que llegue ser\u00e1 por igual testigo de esta celebraci\u00f3n&#8221;, rematan en su invitaci\u00f3n.<\/p>\n\n\n\n<p>Se sabe que Natalia es otra de las artistas que ha agarrado un cari\u00f1o especial por este pueblo, as\u00ed como a otros en la regi\u00f3n sur de Veracruz en donde se refugia lejos de los reflectores; que se siente en casa porque as\u00ed la tratan, lejos del glamour.<\/p>\n\n\n\n<p>En verdad muchas felicidades para el Centro de Documentaci\u00f3n del Son Jarocho. Enhorabuena por el gran logro. Sin duda, una nueva p\u00e1gina hist\u00f3rica.<\/p>\n\n\n\n<p><strong>NOTA PARA PEGAR EN EL REFRI: <\/strong>Con la presencia de autoridades de los tres poderes del Estado y del sector salud, personal m\u00e9dico, funcionarias y funcionarios p\u00fablicos, en representaci\u00f3n del pueblo de Veracruz, la LXVI Legislatura celebr\u00f3 un acto de reconocimiento al valor, entrega y hero\u00edsmo del personal de salud que perdi\u00f3 la vida durante la emergencia sanitaria por Covid-19\u2026 Despu\u00e9s de invitar a las y los presentes a ofrecer un minuto de aplausos a quienes ser\u00e1n recordados con letras doradas en este Congreso de Veracruz, la presidenta de la Comisi\u00f3n de Gobernaci\u00f3n, diputada Cecilia Josefina Guevara Guembe, present\u00f3 la convocatoria para el dise\u00f1o del monumento en memoria de las y los h\u00e9roes veracruzanos de la salud en el que ser\u00e1n inscritos sus nombres, en honor a su valent\u00eda, esfuerzo y vocaci\u00f3n.<\/p>\n\n\n\n<p><strong>OTRA NOTA: <\/strong>En Tuxpan, el secretario de Educaci\u00f3n, Zenyazen Escobar Garc\u00eda, entreg\u00f3 este s\u00e1bado un total de 30 equipos de c\u00f3mputo para los alumnos de la Secundaria T\u00e9cnica Pesquera no. 22 y la Secundaria T\u00e9cnica no. 76 de este municipio\u2026 En su visita por esta regi\u00f3n, el funcionario estatal aprovech\u00f3 para visitar las instalaciones de la Secundaria T\u00e9cnica Pesquera no. 22 a fin de conocer las necesidades que persisten en el plantel. As\u00ed como para realizar la entrega de cinco equipos de c\u00f3mputo que servir\u00e1n para el desarrollo de sus actividades educativas\u2026 Tambi\u00e9n tuvo una reuni\u00f3n con periodistas de la zona, donde tuvo una gran convocatoria de medios de comunicaci\u00f3n.<\/p>\n\n\n\n<p><strong>LA \u00daLTIMA PORQUE YA ME PICAN LOS OJITOS DE SUE\u00d1O:<\/strong> La industria del Turismo de Reuniones ha destacado en Veracruz como uno de los punteros en la generaci\u00f3n de derrama econ\u00f3mica. Por esto, la Secretar\u00eda de Turismo que encabeza Iv\u00e1n Mart\u00ednez Olvera, sign\u00f3 un convenio de colaboraci\u00f3n con el Consejo Mexicano de la Industria de Reuniones (COMIR) para el impulso del segmento de Turismo de Reuniones\u2026 Debe comentarse que esto para la mayor\u00eda de nosotros los mortales pasa desapercibido, pero tambi\u00e9n genera muchos ingresos y posiciona al estado como destino chido\u2026 \u00a1Vientos por la iniciativa!.<\/p>\n","protected":false},"excerpt":{"rendered":"<p>ColumnaSinNombre@pablojair Rinden honores a los ca\u00eddos en la pandemia. El secre Zenyazen y su gira por Tuxpan. Van por impulso al turismo de reuniones. Willie Col\u00f3n estar\u00e1 en Veracruzy uno ya anda practicandola de &#8220;El D\u00eda De Mi Suerte&#8221;\u2026&#8211;Chopenjawer J\u00e1ltipan es de esos lugares m\u00e1gicos pocos conocidos en el sur de Veracruz. Por su sangre [&hellip;]<\/p>\n","protected":false},"author":2476,"featured_media":488,"comment_status":"open","ping_status":"open","sticky":false,"template":"","format":"standard","meta":{"_jetpack_memberships_contains_paid_content":false,"footnotes":""},"categories":[11],"tags":[],"class_list":["post-38491","post","type-post","status-publish","format-standard","has-post-thumbnail","hentry","category-opinion"],"jetpack_featured_media_url":"https:\/\/encuentroinformativo.com.mx\/wp-content\/uploads\/2020\/03\/F471F608-BA1A-416B-BA7B-BCFB24F4E6D0.jpeg","jetpack_sharing_enabled":true,"jetpack_likes_enabled":true,"amp_enabled":true,"_links":{"self":[{"href":"https:\/\/encuentroinformativo.com.mx\/index.php?rest_route=\/wp\/v2\/posts\/38491","targetHints":{"allow":["GET"]}}],"collection":[{"href":"https:\/\/encuentroinformativo.com.mx\/index.php?rest_route=\/wp\/v2\/posts"}],"about":[{"href":"https:\/\/encuentroinformativo.com.mx\/index.php?rest_route=\/wp\/v2\/types\/post"}],"author":[{"embeddable":true,"href":"https:\/\/encuentroinformativo.com.mx\/index.php?rest_route=\/wp\/v2\/users\/2476"}],"replies":[{"embeddable":true,"href":"https:\/\/encuentroinformativo.com.mx\/index.php?rest_route=%2Fwp%2Fv2%2Fcomments&post=38491"}],"version-history":[{"count":1,"href":"https:\/\/encuentroinformativo.com.mx\/index.php?rest_route=\/wp\/v2\/posts\/38491\/revisions"}],"predecessor-version":[{"id":38492,"href":"https:\/\/encuentroinformativo.com.mx\/index.php?rest_route=\/wp\/v2\/posts\/38491\/revisions\/38492"}],"wp:featuredmedia":[{"embeddable":true,"href":"https:\/\/encuentroinformativo.com.mx\/index.php?rest_route=\/wp\/v2\/media\/488"}],"wp:attachment":[{"href":"https:\/\/encuentroinformativo.com.mx\/index.php?rest_route=%2Fwp%2Fv2%2Fmedia&parent=38491"}],"wp:term":[{"taxonomy":"category","embeddable":true,"href":"https:\/\/encuentroinformativo.com.mx\/index.php?rest_route=%2Fwp%2Fv2%2Fcategories&post=38491"},{"taxonomy":"post_tag","embeddable":true,"href":"https:\/\/encuentroinformativo.com.mx\/index.php?rest_route=%2Fwp%2Fv2%2Ftags&post=38491"}],"curies":[{"name":"wp","href":"https:\/\/api.w.org\/{rel}","templated":true}]}}