{"id":38495,"date":"2023-03-28T12:13:49","date_gmt":"2023-03-28T18:13:49","guid":{"rendered":"https:\/\/encuentroinformativo.com.mx\/?p=38495"},"modified":"2023-03-28T12:13:53","modified_gmt":"2023-03-28T18:13:53","slug":"anuncian-cambios-en-la-edicion-99-del-carnaval-de-veracruz","status":"publish","type":"post","link":"https:\/\/encuentroinformativo.com.mx\/?p=38495","title":{"rendered":"Anuncian cambios en la edici\u00f3n 99 del Carnaval de Veracruz"},"content":{"rendered":"\n<p><strong>Alejandro \u00c1vila<\/strong><\/p>\n\n\n\n<p>Veracruz, Ver.- El presidente del Comit\u00e9 de Carnaval, Luis Antonio P\u00e9rez Fraga; y la alcaldesa, Patricia Lobeira Rodr\u00edguez, anunciaron cambios para la edici\u00f3n 99 del Carnaval de Veracruz.<\/p>\n\n\n\n<p>Tras las pol\u00e9micas en las \u00faltimas elecciones de las Reinas, se decidi\u00f3 que para este a\u00f1o se reducir\u00eda el costo de inscripci\u00f3n, adem\u00e1s de qu\u00e9 la ganadora ser\u00e1 elegida por un jurado que analice su carisma y conocimiento de la festividad y la ciudad.<\/p>\n\n\n\n<p>&#8220;Se podr\u00e1n inscribir a partir de la publicaci\u00f3n de la convocatoria el primero de abril, pagando \u00fanicamente el costo de inscripci\u00f3n, recordar\u00e1n que antes se pagaba 25 mil de inscripci\u00f3n y 100 mil del voto de continuidad, que eran 125 mil pesos. En esta ocasi\u00f3n el Ayuntamiento que preside Paty y todo el Comit\u00e9 de Carnaval que lo integramos muchas direcciones en una sola, comandados por Paty, hemos tomado la decisi\u00f3n de bajar esto a la mitad para que sean solo 60 mil pesos como pago \u00fanico de inscripci\u00f3n&#8221;, expres\u00f3 el &#8220;Pollo&#8221; P\u00e9rez Fraga.<\/p>\n\n\n\n<p>El funcionario municipal dijo que los aspirantes a la corona que no queden en los primeros tres lugares ser\u00e1n electos como Doncellas y Caballeros de la Alegr\u00eda, y se les dispondr\u00e1 de un carro aleg\u00f3rico alterno, para que tambi\u00e9n participen en los desfiles.<\/p>\n\n\n\n<p>Al respecto de los desfiles, la alcaldesa, Patricia Lobeira Rodr\u00edguez dijo que a petici\u00f3n ve la Uni\u00f3n de Comparsas del Carnaval de Veracruz, se tom\u00f3 la decisi\u00f3n de solo realizar cuatro desfiles, eliminando as\u00ed el paseo del domingo por la ma\u00f1ana.<\/p>\n","protected":false},"excerpt":{"rendered":"<p>Alejandro \u00c1vila Veracruz, Ver.- El presidente del Comit\u00e9 de Carnaval, Luis Antonio P\u00e9rez Fraga; y la alcaldesa, Patricia Lobeira Rodr\u00edguez, anunciaron cambios para la edici\u00f3n 99 del Carnaval de Veracruz. Tras las pol\u00e9micas en las \u00faltimas elecciones de las Reinas, se decidi\u00f3 que para este a\u00f1o se reducir\u00eda el costo de inscripci\u00f3n, adem\u00e1s de qu\u00e9 [&hellip;]<\/p>\n","protected":false},"author":2476,"featured_media":38496,"comment_status":"open","ping_status":"open","sticky":false,"template":"","format":"standard","meta":{"_jetpack_memberships_contains_paid_content":false,"footnotes":""},"categories":[2],"tags":[],"class_list":["post-38495","post","type-post","status-publish","format-standard","has-post-thumbnail","hentry","category-estado"],"jetpack_featured_media_url":"https:\/\/encuentroinformativo.com.mx\/wp-content\/uploads\/2023\/03\/IMG-20230328-WA0023.jpg","jetpack_sharing_enabled":true,"jetpack_likes_enabled":true,"amp_enabled":true,"_links":{"self":[{"href":"https:\/\/encuentroinformativo.com.mx\/index.php?rest_route=\/wp\/v2\/posts\/38495","targetHints":{"allow":["GET"]}}],"collection":[{"href":"https:\/\/encuentroinformativo.com.mx\/index.php?rest_route=\/wp\/v2\/posts"}],"about":[{"href":"https:\/\/encuentroinformativo.com.mx\/index.php?rest_route=\/wp\/v2\/types\/post"}],"author":[{"embeddable":true,"href":"https:\/\/encuentroinformativo.com.mx\/index.php?rest_route=\/wp\/v2\/users\/2476"}],"replies":[{"embeddable":true,"href":"https:\/\/encuentroinformativo.com.mx\/index.php?rest_route=%2Fwp%2Fv2%2Fcomments&post=38495"}],"version-history":[{"count":1,"href":"https:\/\/encuentroinformativo.com.mx\/index.php?rest_route=\/wp\/v2\/posts\/38495\/revisions"}],"predecessor-version":[{"id":38497,"href":"https:\/\/encuentroinformativo.com.mx\/index.php?rest_route=\/wp\/v2\/posts\/38495\/revisions\/38497"}],"wp:featuredmedia":[{"embeddable":true,"href":"https:\/\/encuentroinformativo.com.mx\/index.php?rest_route=\/wp\/v2\/media\/38496"}],"wp:attachment":[{"href":"https:\/\/encuentroinformativo.com.mx\/index.php?rest_route=%2Fwp%2Fv2%2Fmedia&parent=38495"}],"wp:term":[{"taxonomy":"category","embeddable":true,"href":"https:\/\/encuentroinformativo.com.mx\/index.php?rest_route=%2Fwp%2Fv2%2Fcategories&post=38495"},{"taxonomy":"post_tag","embeddable":true,"href":"https:\/\/encuentroinformativo.com.mx\/index.php?rest_route=%2Fwp%2Fv2%2Ftags&post=38495"}],"curies":[{"name":"wp","href":"https:\/\/api.w.org\/{rel}","templated":true}]}}