{"id":3850,"date":"2020-07-04T13:36:26","date_gmt":"2020-07-04T18:36:26","guid":{"rendered":"https:\/\/encuentroinformativo.com\/?p=3850"},"modified":"2020-07-04T13:36:34","modified_gmt":"2020-07-04T18:36:34","slug":"refuerzan-medidas-de-sanitizacion-al-transporte-en-coatepec","status":"publish","type":"post","link":"https:\/\/encuentroinformativo.com.mx\/?p=3850","title":{"rendered":"Refuerzan medidas de sanitizaci\u00f3n al transporte en Coatepec"},"content":{"rendered":"\n<p><strong>Dar\u00edo Pale <\/strong><\/p>\n\n\n\n<p>Coatepec, Ver.- Nabil G\u00f3mez Navarro jefa del departamento de Salud Municipal de Coatepec dio a conocer que est\u00e1n realizando un operativo para reforzar las medidas preventivas de sanitizaci\u00f3n en el transporte p\u00fablico.<\/p>\n\n\n\n<p>Entrevistada durante el operativo en la entrada de Coatepec, se\u00f1al\u00f3 que est\u00e1n reforzando las medidas preventivas, por lo que est\u00e1n exhortando a la ciudadan\u00eda al uso obligatorio del cubrebocas, al igual que est\u00e1n haciendo hincapi\u00e9 en la higiene constante de manos.<\/p>\n\n\n\n<p>Por lo que est\u00e1n obsequiando gel antibacterial a los conductores del transporte p\u00fablico en la modalidad de taxi, y a quienes no tengan cubrebocas les est\u00e1n otorgando uno, ya que el objetivo es seguir reforzando las medidas preventivas.<\/p>\n\n\n\n<p>Lo anterior lo realizan con la finalidad de mitigar la propagaci\u00f3n del COVID-19, a\u00fan no est\u00e1n aplicando multas solo est\u00e1n haciendo el exhorto a la ciudadan\u00eda para que temor las medidas necesarias, para resguardar a los usuarios en general.<\/p>\n\n\n\n<p>A quienes viajan en moto est\u00e1n verificando que traigan su casco, al igual que su documentaci\u00f3n correspondiente.<\/p>\n\n\n\n<p>Finalmente se\u00f1al\u00f3 que contin\u00faan exhortando a la ciudadan\u00eda para que se sumen a la conciencia social, pero lamentablemente algunas personas por falta de recursos no puede adquirir sus implementos, por lo que est\u00e1n analizando la posibilidad de apoyarlos.<\/p>\n\n\n\n<p><\/p>\n","protected":false},"excerpt":{"rendered":"<p>Dar\u00edo Pale Coatepec, Ver.- Nabil G\u00f3mez Navarro jefa del departamento de Salud Municipal de Coatepec dio a conocer que est\u00e1n realizando un operativo para reforzar las medidas preventivas de sanitizaci\u00f3n en el transporte p\u00fablico. Entrevistada durante el operativo en la entrada de Coatepec, se\u00f1al\u00f3 que est\u00e1n reforzando las medidas preventivas, por lo que est\u00e1n exhortando [&hellip;]<\/p>\n","protected":false},"author":1,"featured_media":3851,"comment_status":"open","ping_status":"open","sticky":false,"template":"","format":"standard","meta":{"_jetpack_memberships_contains_paid_content":false,"footnotes":""},"categories":[9],"tags":[],"class_list":["post-3850","post","type-post","status-publish","format-standard","has-post-thumbnail","hentry","category-salud"],"jetpack_featured_media_url":"https:\/\/encuentroinformativo.com.mx\/wp-content\/uploads\/2020\/07\/CE883EDF-C8B1-4447-B5CE-58A061A85E7D.jpeg","jetpack_sharing_enabled":true,"jetpack_likes_enabled":true,"amp_enabled":true,"_links":{"self":[{"href":"https:\/\/encuentroinformativo.com.mx\/index.php?rest_route=\/wp\/v2\/posts\/3850","targetHints":{"allow":["GET"]}}],"collection":[{"href":"https:\/\/encuentroinformativo.com.mx\/index.php?rest_route=\/wp\/v2\/posts"}],"about":[{"href":"https:\/\/encuentroinformativo.com.mx\/index.php?rest_route=\/wp\/v2\/types\/post"}],"author":[{"embeddable":true,"href":"https:\/\/encuentroinformativo.com.mx\/index.php?rest_route=\/wp\/v2\/users\/1"}],"replies":[{"embeddable":true,"href":"https:\/\/encuentroinformativo.com.mx\/index.php?rest_route=%2Fwp%2Fv2%2Fcomments&post=3850"}],"version-history":[{"count":1,"href":"https:\/\/encuentroinformativo.com.mx\/index.php?rest_route=\/wp\/v2\/posts\/3850\/revisions"}],"predecessor-version":[{"id":3852,"href":"https:\/\/encuentroinformativo.com.mx\/index.php?rest_route=\/wp\/v2\/posts\/3850\/revisions\/3852"}],"wp:featuredmedia":[{"embeddable":true,"href":"https:\/\/encuentroinformativo.com.mx\/index.php?rest_route=\/wp\/v2\/media\/3851"}],"wp:attachment":[{"href":"https:\/\/encuentroinformativo.com.mx\/index.php?rest_route=%2Fwp%2Fv2%2Fmedia&parent=3850"}],"wp:term":[{"taxonomy":"category","embeddable":true,"href":"https:\/\/encuentroinformativo.com.mx\/index.php?rest_route=%2Fwp%2Fv2%2Fcategories&post=3850"},{"taxonomy":"post_tag","embeddable":true,"href":"https:\/\/encuentroinformativo.com.mx\/index.php?rest_route=%2Fwp%2Fv2%2Ftags&post=3850"}],"curies":[{"name":"wp","href":"https:\/\/api.w.org\/{rel}","templated":true}]}}