{"id":38510,"date":"2023-03-28T13:07:05","date_gmt":"2023-03-28T19:07:05","guid":{"rendered":"https:\/\/encuentroinformativo.com.mx\/?p=38510"},"modified":"2023-03-28T13:07:09","modified_gmt":"2023-03-28T19:07:09","slug":"ahora-celebra-pt-plan-c-de-reforma-electoral","status":"publish","type":"post","link":"https:\/\/encuentroinformativo.com.mx\/?p=38510","title":{"rendered":"Ahora celebra PT &#8216;plan C&#8217; de Reforma Electoral"},"content":{"rendered":"\n<p><strong>Israel Garc\u00eda <\/strong><\/p>\n\n\n\n<p>Xalapa, Ver.- El Dirigente Estatal del Partido del Trabajo (PT), Vicente Aguilar Aguilar, en conferencia de prensa, se les fue duro a los &#8220;corruptos consejeros y empleados y paleros del PRIANPRD, en el\u00a0 INE&#8221;.<\/p>\n\n\n\n<p>En conferencia de prensa dijo que el d\u00eda 3 de abril se les acaba la ubre a estos funcionarios que estaban a la merced de la derecha Lorenzo C\u00f3rdoba y Ciro Murayama, no fueron defensores de la democracia defend\u00edan sus intereses y el despilfarro, privilegios del estos &#8220;paleros&#8221;<\/p>\n\n\n\n<p>El presidente de la rep\u00fablica mexicana Andr\u00e9s Manuel L\u00f3pez Obrador env\u00edo la Reforma Electoral al Senado mexicano y aprueba el \u201cplan B\u201d de la reforma electoral propuesta por el presidente Andr\u00e9s Manuel L\u00f3pez Obrador.<\/p>\n\n\n\n<p>El proyecto fue avalado con 72 votos a favor y recibi\u00f3 50 en contra, sin ninguna abstenci\u00f3n. Orden en el INE Instituto Nacional Electoral, es quitar privilegios, disminuir salarios, pero muchos de la derecha\u00a0 se pusieron encontra.<\/p>\n\n\n\n<p>Recordemos que d\u00edas pasados, el Ministro Javier Laynez Potisek la Suprema Corte de Justicia de la Naci\u00f3n otorga al INE una suspensi\u00f3n contra el conocido \u201cPlan B\u201d.<\/p>\n\n\n\n<p>Pero L\u00f3pez Obrador ya tiene plan &#8220;C&#8221;, esperemos que pasar\u00e1 lo que le queda en su administraci\u00f3n del AMLO, la abecedario tiene 27 letras de la A a la Z. <\/p>\n","protected":false},"excerpt":{"rendered":"<p>Israel Garc\u00eda Xalapa, Ver.- El Dirigente Estatal del Partido del Trabajo (PT), Vicente Aguilar Aguilar, en conferencia de prensa, se les fue duro a los &#8220;corruptos consejeros y empleados y paleros del PRIANPRD, en el\u00a0 INE&#8221;. En conferencia de prensa dijo que el d\u00eda 3 de abril se les acaba la ubre a estos funcionarios [&hellip;]<\/p>\n","protected":false},"author":2476,"featured_media":38511,"comment_status":"open","ping_status":"open","sticky":false,"template":"","format":"standard","meta":{"_jetpack_memberships_contains_paid_content":false,"footnotes":""},"categories":[2],"tags":[],"class_list":["post-38510","post","type-post","status-publish","format-standard","has-post-thumbnail","hentry","category-estado"],"jetpack_featured_media_url":"https:\/\/encuentroinformativo.com.mx\/wp-content\/uploads\/2023\/03\/IMG-20230328-WA00502.jpg","jetpack_sharing_enabled":true,"jetpack_likes_enabled":true,"amp_enabled":true,"_links":{"self":[{"href":"https:\/\/encuentroinformativo.com.mx\/index.php?rest_route=\/wp\/v2\/posts\/38510","targetHints":{"allow":["GET"]}}],"collection":[{"href":"https:\/\/encuentroinformativo.com.mx\/index.php?rest_route=\/wp\/v2\/posts"}],"about":[{"href":"https:\/\/encuentroinformativo.com.mx\/index.php?rest_route=\/wp\/v2\/types\/post"}],"author":[{"embeddable":true,"href":"https:\/\/encuentroinformativo.com.mx\/index.php?rest_route=\/wp\/v2\/users\/2476"}],"replies":[{"embeddable":true,"href":"https:\/\/encuentroinformativo.com.mx\/index.php?rest_route=%2Fwp%2Fv2%2Fcomments&post=38510"}],"version-history":[{"count":1,"href":"https:\/\/encuentroinformativo.com.mx\/index.php?rest_route=\/wp\/v2\/posts\/38510\/revisions"}],"predecessor-version":[{"id":38512,"href":"https:\/\/encuentroinformativo.com.mx\/index.php?rest_route=\/wp\/v2\/posts\/38510\/revisions\/38512"}],"wp:featuredmedia":[{"embeddable":true,"href":"https:\/\/encuentroinformativo.com.mx\/index.php?rest_route=\/wp\/v2\/media\/38511"}],"wp:attachment":[{"href":"https:\/\/encuentroinformativo.com.mx\/index.php?rest_route=%2Fwp%2Fv2%2Fmedia&parent=38510"}],"wp:term":[{"taxonomy":"category","embeddable":true,"href":"https:\/\/encuentroinformativo.com.mx\/index.php?rest_route=%2Fwp%2Fv2%2Fcategories&post=38510"},{"taxonomy":"post_tag","embeddable":true,"href":"https:\/\/encuentroinformativo.com.mx\/index.php?rest_route=%2Fwp%2Fv2%2Ftags&post=38510"}],"curies":[{"name":"wp","href":"https:\/\/api.w.org\/{rel}","templated":true}]}}