{"id":38525,"date":"2023-03-28T14:27:28","date_gmt":"2023-03-28T20:27:28","guid":{"rendered":"https:\/\/encuentroinformativo.com.mx\/?p=38525"},"modified":"2023-03-28T14:27:32","modified_gmt":"2023-03-28T20:27:32","slug":"necesario-revisar-enfoque-de-programas-sociales-cafeticultores","status":"publish","type":"post","link":"https:\/\/encuentroinformativo.com.mx\/?p=38525","title":{"rendered":"Necesario revisar enfoque de programas sociales: Cafeticultores"},"content":{"rendered":"\n<p><strong>Dar\u00edo Pale <\/strong><\/p>\n\n\n\n<p>Xalapa, Ver.- Necesario revisar y dar enfoque productivo a los programas sociales, Sembrando Vida y Producci\u00f3n para el Bienestar se debe fortalecer, as\u00ed lo se\u00f1al\u00f3 R\u00f3mulo Melchor Vallejo, presidente de la Uni\u00f3n Nacional de Cafeticultores del Barz\u00f3n.<\/p>\n\n\n\n<p>En conferencia de prensa dijo que el programa Sembrando Vida y Producci\u00f3n para el Bienestar deber\u00e1n de fortalecerse, revisarse y darle un enfoque m\u00e1s productivo, el tambi\u00e9n representante en la entidad de la Comisi\u00f3n Nacional de Productores de Caf\u00e9, dijo que esto debe ser &#8220;para que d\u00e9 resultados en el corto plazo&#8221;.<\/p>\n\n\n\n<p>Asimismo, expuso que hay alrededor de 200 mil productores de caf\u00e9 que ya recibieron 6 mil 200 pesos de manera anual.<\/p>\n\n\n\n<p>&#8220;Esto ha permitido que se genere econom\u00eda y los productores comenzaron a adquirir fertilizante; tenemos una floraci\u00f3n abundante, hermosa en los cafetales&#8221;, se\u00f1al\u00f3.<\/p>\n\n\n\n<p>De manera que consider\u00f3 que se espera una cosecha del arom\u00e1tico que supere los 5 millones de sacos para el 2024.<\/p>\n\n\n\n<p>&#8220;Eso tendr\u00e1 que fortalecerse con la fertilizaci\u00f3n que viene con recursos del programa Producci\u00f3n para el Bienestar&#8221;, coment\u00f3.<\/p>\n\n\n\n<p>Finalmente, confi\u00f3 en que pronto se eche a andar la planta Olmeca para producir fertilizantes.<\/p>\n","protected":false},"excerpt":{"rendered":"<p>Dar\u00edo Pale Xalapa, Ver.- Necesario revisar y dar enfoque productivo a los programas sociales, Sembrando Vida y Producci\u00f3n para el Bienestar se debe fortalecer, as\u00ed lo se\u00f1al\u00f3 R\u00f3mulo Melchor Vallejo, presidente de la Uni\u00f3n Nacional de Cafeticultores del Barz\u00f3n. En conferencia de prensa dijo que el programa Sembrando Vida y Producci\u00f3n para el Bienestar deber\u00e1n [&hellip;]<\/p>\n","protected":false},"author":2476,"featured_media":35016,"comment_status":"open","ping_status":"open","sticky":false,"template":"","format":"standard","meta":{"_jetpack_memberships_contains_paid_content":false,"footnotes":""},"categories":[2],"tags":[],"class_list":["post-38525","post","type-post","status-publish","format-standard","has-post-thumbnail","hentry","category-estado"],"jetpack_featured_media_url":"https:\/\/encuentroinformativo.com.mx\/wp-content\/uploads\/2023\/01\/IMG_7961.jpg","jetpack_sharing_enabled":true,"jetpack_likes_enabled":true,"amp_enabled":true,"_links":{"self":[{"href":"https:\/\/encuentroinformativo.com.mx\/index.php?rest_route=\/wp\/v2\/posts\/38525","targetHints":{"allow":["GET"]}}],"collection":[{"href":"https:\/\/encuentroinformativo.com.mx\/index.php?rest_route=\/wp\/v2\/posts"}],"about":[{"href":"https:\/\/encuentroinformativo.com.mx\/index.php?rest_route=\/wp\/v2\/types\/post"}],"author":[{"embeddable":true,"href":"https:\/\/encuentroinformativo.com.mx\/index.php?rest_route=\/wp\/v2\/users\/2476"}],"replies":[{"embeddable":true,"href":"https:\/\/encuentroinformativo.com.mx\/index.php?rest_route=%2Fwp%2Fv2%2Fcomments&post=38525"}],"version-history":[{"count":1,"href":"https:\/\/encuentroinformativo.com.mx\/index.php?rest_route=\/wp\/v2\/posts\/38525\/revisions"}],"predecessor-version":[{"id":38526,"href":"https:\/\/encuentroinformativo.com.mx\/index.php?rest_route=\/wp\/v2\/posts\/38525\/revisions\/38526"}],"wp:featuredmedia":[{"embeddable":true,"href":"https:\/\/encuentroinformativo.com.mx\/index.php?rest_route=\/wp\/v2\/media\/35016"}],"wp:attachment":[{"href":"https:\/\/encuentroinformativo.com.mx\/index.php?rest_route=%2Fwp%2Fv2%2Fmedia&parent=38525"}],"wp:term":[{"taxonomy":"category","embeddable":true,"href":"https:\/\/encuentroinformativo.com.mx\/index.php?rest_route=%2Fwp%2Fv2%2Fcategories&post=38525"},{"taxonomy":"post_tag","embeddable":true,"href":"https:\/\/encuentroinformativo.com.mx\/index.php?rest_route=%2Fwp%2Fv2%2Ftags&post=38525"}],"curies":[{"name":"wp","href":"https:\/\/api.w.org\/{rel}","templated":true}]}}