{"id":3853,"date":"2020-07-04T14:50:12","date_gmt":"2020-07-04T19:50:12","guid":{"rendered":"https:\/\/encuentroinformativo.com\/?p=3853"},"modified":"2020-07-04T14:50:15","modified_gmt":"2020-07-04T19:50:15","slug":"alcalde-de-tlalixcoyan-da-positivo-a-covid","status":"publish","type":"post","link":"https:\/\/encuentroinformativo.com.mx\/?p=3853","title":{"rendered":"Alcalde de Tlalixcoyan da positivo a Covid"},"content":{"rendered":"\n<p><strong>Dar\u00edo Pale <\/strong><\/p>\n\n\n\n<p>Xalapa, Ver.- Agust\u00edn Lagunes \u00c1lvarez presidente municipal de Tlalixcoyan, dio a conocer a trav\u00e9s de sus redes sociales qu\u00e9 result\u00f3 positivo a la prueba de COVID-19, por lo que estar\u00e1 aislado por un tiempo.<\/p>\n\n\n\n<p>Dio a conocer que en d\u00edas pasados estuvo con personas contagiadas de Coronavirus y que posterior a ello present\u00f3 molestias leves en la garganta, por lo que se traslad\u00f3 al puerto de Veracruz donde su medico le recomend\u00f3 realizar una prueba de COVID-19.<\/p>\n\n\n\n<p>\u201cLo hice por la responsabilidad que tengo y porque estuve cerca de personas con casos ya confirmados , desafortunadamente sal\u00ed positivo, soy portador asintom\u00e1tico y ya me encuentro aislado y estar\u00e9 fuera por dos semanas\u201d, se\u00f1ala en el mensaje.<\/p>\n\n\n\n<p>Coment\u00f3 que tom\u00f3 la decisi\u00f3n de confinarse por dos semanas en su domicilio y desde ah\u00ed estar\u00e1 coordinando el funcionamiento del Ayuntamiento.<\/p>\n\n\n\n<p>Ante tal situaci\u00f3n pidi\u00f3 a todas las personas que d\u00edas previos estuvieron con \u00e9l, que por m\u00ednimos s\u00edntomas que presenten acudan con su m\u00e9dico y que no esperen a sentirse mal.<\/p>\n\n\n\n<p>De igual manera \u00a0solicit\u00f3 a sus colaboradores trabajar desde casa y que se a\u00edslen y por su parte qu\u00e9 \u00a0la poblaci\u00f3n respete \u00a0las recomendaciones que ha emitido el sector salud.<\/p>\n\n\n\n<p><\/p>\n","protected":false},"excerpt":{"rendered":"<p>Dar\u00edo Pale Xalapa, Ver.- Agust\u00edn Lagunes \u00c1lvarez presidente municipal de Tlalixcoyan, dio a conocer a trav\u00e9s de sus redes sociales qu\u00e9 result\u00f3 positivo a la prueba de COVID-19, por lo que estar\u00e1 aislado por un tiempo. Dio a conocer que en d\u00edas pasados estuvo con personas contagiadas de Coronavirus y que posterior a ello present\u00f3 [&hellip;]<\/p>\n","protected":false},"author":1,"featured_media":3854,"comment_status":"open","ping_status":"open","sticky":false,"template":"","format":"standard","meta":{"_jetpack_memberships_contains_paid_content":false,"footnotes":""},"categories":[2],"tags":[],"class_list":["post-3853","post","type-post","status-publish","format-standard","has-post-thumbnail","hentry","category-estado"],"jetpack_featured_media_url":"https:\/\/encuentroinformativo.com.mx\/wp-content\/uploads\/2020\/07\/74172BC9-7C5C-4C16-854A-48F260A93398.jpeg","jetpack_sharing_enabled":true,"jetpack_likes_enabled":true,"amp_enabled":true,"_links":{"self":[{"href":"https:\/\/encuentroinformativo.com.mx\/index.php?rest_route=\/wp\/v2\/posts\/3853","targetHints":{"allow":["GET"]}}],"collection":[{"href":"https:\/\/encuentroinformativo.com.mx\/index.php?rest_route=\/wp\/v2\/posts"}],"about":[{"href":"https:\/\/encuentroinformativo.com.mx\/index.php?rest_route=\/wp\/v2\/types\/post"}],"author":[{"embeddable":true,"href":"https:\/\/encuentroinformativo.com.mx\/index.php?rest_route=\/wp\/v2\/users\/1"}],"replies":[{"embeddable":true,"href":"https:\/\/encuentroinformativo.com.mx\/index.php?rest_route=%2Fwp%2Fv2%2Fcomments&post=3853"}],"version-history":[{"count":1,"href":"https:\/\/encuentroinformativo.com.mx\/index.php?rest_route=\/wp\/v2\/posts\/3853\/revisions"}],"predecessor-version":[{"id":3855,"href":"https:\/\/encuentroinformativo.com.mx\/index.php?rest_route=\/wp\/v2\/posts\/3853\/revisions\/3855"}],"wp:featuredmedia":[{"embeddable":true,"href":"https:\/\/encuentroinformativo.com.mx\/index.php?rest_route=\/wp\/v2\/media\/3854"}],"wp:attachment":[{"href":"https:\/\/encuentroinformativo.com.mx\/index.php?rest_route=%2Fwp%2Fv2%2Fmedia&parent=3853"}],"wp:term":[{"taxonomy":"category","embeddable":true,"href":"https:\/\/encuentroinformativo.com.mx\/index.php?rest_route=%2Fwp%2Fv2%2Fcategories&post=3853"},{"taxonomy":"post_tag","embeddable":true,"href":"https:\/\/encuentroinformativo.com.mx\/index.php?rest_route=%2Fwp%2Fv2%2Ftags&post=3853"}],"curies":[{"name":"wp","href":"https:\/\/api.w.org\/{rel}","templated":true}]}}