{"id":38538,"date":"2023-03-28T15:48:25","date_gmt":"2023-03-28T21:48:25","guid":{"rendered":"https:\/\/encuentroinformativo.com.mx\/?p=38538"},"modified":"2023-03-28T15:48:29","modified_gmt":"2023-03-28T21:48:29","slug":"realiza-comercio-operativos-en-calles-de-xalapa","status":"publish","type":"post","link":"https:\/\/encuentroinformativo.com.mx\/?p=38538","title":{"rendered":"Realiza comercio operativos en calles de Xalapa"},"content":{"rendered":"\n<p><strong>Israel Garc\u00eda <\/strong><\/p>\n\n\n\n<p>Xalapa, Ver.- Se realiz\u00f3 un perativo en el centro hist\u00f3rico de Xalapa por parte de la direcci\u00f3n de comercio municipal, personal encargados de regularizar el comercio invitaron de manera respetuosa a los promotores de <em>Telmex<\/em> para que quitar\u00e1n su m\u00f3dulo, que instalaron en el cruce de Xalape\u00f1os Ilustres y Zamora.<\/p>\n\n\n\n<p>As\u00ed mismo invitaron a j\u00f3venes que pusieron su puesto artesanal en la calle de Enr\u00edquez, lugares donde no est\u00e1 permitido colocar puestos de ambulantaje, ni m\u00f3dulos para promocionar.<\/p>\n\n\n\n<figure class=\"wp-block-image size-large\"><img loading=\"lazy\" decoding=\"async\" width=\"1024\" height=\"768\" src=\"https:\/\/encuentroinformativo.com.mx\/wp-content\/uploads\/2023\/03\/Photo_1680039861162-1024x768.jpg\" alt=\"\" class=\"wp-image-38540\" srcset=\"https:\/\/encuentroinformativo.com.mx\/wp-content\/uploads\/2023\/03\/Photo_1680039861162-1024x768.jpg 1024w, https:\/\/encuentroinformativo.com.mx\/wp-content\/uploads\/2023\/03\/Photo_1680039861162-300x225.jpg 300w, https:\/\/encuentroinformativo.com.mx\/wp-content\/uploads\/2023\/03\/Photo_1680039861162-768x576.jpg 768w, https:\/\/encuentroinformativo.com.mx\/wp-content\/uploads\/2023\/03\/Photo_1680039861162.jpg 1040w\" sizes=\"auto, (max-width: 1024px) 100vw, 1024px\" \/><\/figure>\n","protected":false},"excerpt":{"rendered":"<p>Israel Garc\u00eda Xalapa, Ver.- Se realiz\u00f3 un perativo en el centro hist\u00f3rico de Xalapa por parte de la direcci\u00f3n de comercio municipal, personal encargados de regularizar el comercio invitaron de manera respetuosa a los promotores de Telmex para que quitar\u00e1n su m\u00f3dulo, que instalaron en el cruce de Xalape\u00f1os Ilustres y Zamora. As\u00ed mismo invitaron [&hellip;]<\/p>\n","protected":false},"author":2476,"featured_media":38539,"comment_status":"open","ping_status":"open","sticky":false,"template":"","format":"standard","meta":{"_jetpack_memberships_contains_paid_content":false,"footnotes":""},"categories":[3],"tags":[],"class_list":["post-38538","post","type-post","status-publish","format-standard","has-post-thumbnail","hentry","category-xalapa"],"jetpack_featured_media_url":"https:\/\/encuentroinformativo.com.mx\/wp-content\/uploads\/2023\/03\/Photo_1680039894853.jpg","jetpack_sharing_enabled":true,"jetpack_likes_enabled":true,"amp_enabled":true,"_links":{"self":[{"href":"https:\/\/encuentroinformativo.com.mx\/index.php?rest_route=\/wp\/v2\/posts\/38538","targetHints":{"allow":["GET"]}}],"collection":[{"href":"https:\/\/encuentroinformativo.com.mx\/index.php?rest_route=\/wp\/v2\/posts"}],"about":[{"href":"https:\/\/encuentroinformativo.com.mx\/index.php?rest_route=\/wp\/v2\/types\/post"}],"author":[{"embeddable":true,"href":"https:\/\/encuentroinformativo.com.mx\/index.php?rest_route=\/wp\/v2\/users\/2476"}],"replies":[{"embeddable":true,"href":"https:\/\/encuentroinformativo.com.mx\/index.php?rest_route=%2Fwp%2Fv2%2Fcomments&post=38538"}],"version-history":[{"count":1,"href":"https:\/\/encuentroinformativo.com.mx\/index.php?rest_route=\/wp\/v2\/posts\/38538\/revisions"}],"predecessor-version":[{"id":38541,"href":"https:\/\/encuentroinformativo.com.mx\/index.php?rest_route=\/wp\/v2\/posts\/38538\/revisions\/38541"}],"wp:featuredmedia":[{"embeddable":true,"href":"https:\/\/encuentroinformativo.com.mx\/index.php?rest_route=\/wp\/v2\/media\/38539"}],"wp:attachment":[{"href":"https:\/\/encuentroinformativo.com.mx\/index.php?rest_route=%2Fwp%2Fv2%2Fmedia&parent=38538"}],"wp:term":[{"taxonomy":"category","embeddable":true,"href":"https:\/\/encuentroinformativo.com.mx\/index.php?rest_route=%2Fwp%2Fv2%2Fcategories&post=38538"},{"taxonomy":"post_tag","embeddable":true,"href":"https:\/\/encuentroinformativo.com.mx\/index.php?rest_route=%2Fwp%2Fv2%2Ftags&post=38538"}],"curies":[{"name":"wp","href":"https:\/\/api.w.org\/{rel}","templated":true}]}}