{"id":38546,"date":"2023-03-28T16:57:31","date_gmt":"2023-03-28T22:57:31","guid":{"rendered":"https:\/\/encuentroinformativo.com.mx\/?p=38546"},"modified":"2023-03-28T16:57:35","modified_gmt":"2023-03-28T22:57:35","slug":"estudiante-se-arrojo-de-segundo-piso-videos-lo-comprueban-sev","status":"publish","type":"post","link":"https:\/\/encuentroinformativo.com.mx\/?p=38546","title":{"rendered":"Estudiante se arroj\u00f3 de segundo piso, videos lo comprueban: SEV"},"content":{"rendered":"\n<p><strong>Dar\u00edo Pale <\/strong><\/p>\n\n\n\n<p>Xalapa, Ver.- Videos confirman que menor se avent\u00f3 del segundo piso, al igual que ya hab\u00eda antecedentes del menor, hab\u00eda que llevarlo a terapia, as\u00ed lo dio a conocer el titular de la Secretar\u00eda de Educaci\u00f3n de Veracruz (SEV), Zenyazen Escobar Garc\u00eda.<\/p>\n\n\n\n<p>Entrevistado afuera de la cl\u00ednica 8 del IMSS, confirm\u00f3 que el menor de la escuela Sherwell, en el municipio de C\u00f3rdoba, se &#8220;avent\u00f3&#8221; del segundo piso, lo que consta en videos de la instituci\u00f3n, adem\u00e1s revel\u00f3 que hay antecedentes &#8220;muy claros&#8221; del estudiante, sobre acciones al respecto.<\/p>\n\n\n\n<p>Aclar\u00f3 que lo que le sucedi\u00f3 al estudiante no tiene nada que ver con el bullying, porque hay ciertas acciones que ya hab\u00eda tenido el alumno, pero en ning\u00fan momento dijo que ya se hab\u00eda querido suicidar.<\/p>\n\n\n\n<p>Opin\u00f3 que la familia deb\u00eda hacer un seguimiento sobre sus emociones, as\u00ed como llevarlo a terapia, no obstante sostuvo que los docentes est\u00e1n comprometidos y prueba de ello es que ya se sab\u00eda sobre los antecedentes y que su maestra hab\u00eda trabajado con \u00e9l.<\/p>\n\n\n\n<p>En cuanto a la exigencia de la madre para que se esclarezcan los hechos, el Secretario indic\u00f3 que existen grabaciones de video.<\/p>\n\n\n\n<p>&#8220;Las grabaciones est\u00e1n y ser\u00e1 la Fiscal\u00eda quien tenga que venir a pedirlas. Estamos muy al pendiente para este tipo de situaciones&#8221;, coment\u00f3.<\/p>\n\n\n\n<p>Insisti\u00f3 en que deb\u00eda hacer un compromiso por parte de la familia, porque la educaci\u00f3n se hace en conjunto, es un proceso en el que tienen que ver los padres y los docentes, no \u00fanicamente los profesores.<\/p>\n\n\n\n<p>Finalmente Escobar Garc\u00eda adelant\u00f3 que por estos hechos se impartir\u00e1n talleres respecto del manejo de las emociones para estudiantes y padres de familia.<\/p>\n","protected":false},"excerpt":{"rendered":"<p>Dar\u00edo Pale Xalapa, Ver.- Videos confirman que menor se avent\u00f3 del segundo piso, al igual que ya hab\u00eda antecedentes del menor, hab\u00eda que llevarlo a terapia, as\u00ed lo dio a conocer el titular de la Secretar\u00eda de Educaci\u00f3n de Veracruz (SEV), Zenyazen Escobar Garc\u00eda. Entrevistado afuera de la cl\u00ednica 8 del IMSS, confirm\u00f3 que el [&hellip;]<\/p>\n","protected":false},"author":2476,"featured_media":38547,"comment_status":"open","ping_status":"open","sticky":false,"template":"","format":"standard","meta":{"_jetpack_memberships_contains_paid_content":false,"footnotes":""},"categories":[2],"tags":[],"class_list":["post-38546","post","type-post","status-publish","format-standard","has-post-thumbnail","hentry","category-estado"],"jetpack_featured_media_url":"https:\/\/encuentroinformativo.com.mx\/wp-content\/uploads\/2023\/03\/IMG-20230328-WA01312.jpg","jetpack_sharing_enabled":true,"jetpack_likes_enabled":true,"amp_enabled":true,"_links":{"self":[{"href":"https:\/\/encuentroinformativo.com.mx\/index.php?rest_route=\/wp\/v2\/posts\/38546","targetHints":{"allow":["GET"]}}],"collection":[{"href":"https:\/\/encuentroinformativo.com.mx\/index.php?rest_route=\/wp\/v2\/posts"}],"about":[{"href":"https:\/\/encuentroinformativo.com.mx\/index.php?rest_route=\/wp\/v2\/types\/post"}],"author":[{"embeddable":true,"href":"https:\/\/encuentroinformativo.com.mx\/index.php?rest_route=\/wp\/v2\/users\/2476"}],"replies":[{"embeddable":true,"href":"https:\/\/encuentroinformativo.com.mx\/index.php?rest_route=%2Fwp%2Fv2%2Fcomments&post=38546"}],"version-history":[{"count":1,"href":"https:\/\/encuentroinformativo.com.mx\/index.php?rest_route=\/wp\/v2\/posts\/38546\/revisions"}],"predecessor-version":[{"id":38548,"href":"https:\/\/encuentroinformativo.com.mx\/index.php?rest_route=\/wp\/v2\/posts\/38546\/revisions\/38548"}],"wp:featuredmedia":[{"embeddable":true,"href":"https:\/\/encuentroinformativo.com.mx\/index.php?rest_route=\/wp\/v2\/media\/38547"}],"wp:attachment":[{"href":"https:\/\/encuentroinformativo.com.mx\/index.php?rest_route=%2Fwp%2Fv2%2Fmedia&parent=38546"}],"wp:term":[{"taxonomy":"category","embeddable":true,"href":"https:\/\/encuentroinformativo.com.mx\/index.php?rest_route=%2Fwp%2Fv2%2Fcategories&post=38546"},{"taxonomy":"post_tag","embeddable":true,"href":"https:\/\/encuentroinformativo.com.mx\/index.php?rest_route=%2Fwp%2Fv2%2Ftags&post=38546"}],"curies":[{"name":"wp","href":"https:\/\/api.w.org\/{rel}","templated":true}]}}