{"id":38549,"date":"2023-03-28T17:16:26","date_gmt":"2023-03-28T23:16:26","guid":{"rendered":"https:\/\/encuentroinformativo.com.mx\/?p=38549"},"modified":"2023-03-28T17:16:29","modified_gmt":"2023-03-28T23:16:29","slug":"por-regidor-acusado-de-abusos-rompen-quorum-en-cabildo-porteno","status":"publish","type":"post","link":"https:\/\/encuentroinformativo.com.mx\/?p=38549","title":{"rendered":"Por regidor acusado de abusos, rompen qu\u00f3rum en Cabildo porte\u00f1o"},"content":{"rendered":"\n<p><strong>Alejandro \u00c1vila<\/strong><\/p>\n\n\n\n<p>Veracruz, Ver.- La regidora priista, Belem Palmeros Exsome pidi\u00f3 la voz en la sesi\u00f3n solemne de Cabildo que se realizar\u00eda la tarde de este martes en el Palacio Municipal de Veracruz, para informar que las mujeres abandonar\u00edan el recinto debido a que no pod\u00edan compartir la mesa con un presunto violador.<\/p>\n\n\n\n<p>Este martes se llevar\u00eda a cabo el cambio de comisiones, donde al regidor sexto Sebasti\u00e1n &#8220;N&#8221; le ser\u00eda retirada la presidencia de la comisi\u00f3n de Carnaval, debido a los se\u00f1alamientos y denuncias jur\u00eddicas en su contra por presunta violencia psicol\u00f3gica, f\u00edsica y sexual, en contra de al menos 15 j\u00f3venes.<\/p>\n\n\n\n<p>&#8220;Disc\u00falpeme compa\u00f1eros y compa\u00f1eras, pero las mujeres regidoras hemos decidido no estar presentes en la sesi\u00f3n de Cabildo del d\u00eda de hoy, no podemos estar compartiendo la mesa con un presunto violador, as\u00ed que, perd\u00f3n alcaldesa pero las mujeres regidoras nos vamos a retirar, invito a las compa\u00f1eras de Morena a que tambi\u00e9n lo hagan, porque si no es por nosotras a las mujeres de all\u00e1 afuera nosotros les vamos a quedar a deber. Entonces, con permiso, pero yo no puedo compartir la mesa con un presunto violador, con un acosador y con una persona con ese cinismo de seguir agrediendo a las mujeres y a nosotras que somos las mujeres de Cabildo&#8221;, remarc\u00f3 la edil priista.<\/p>\n\n\n\n<p>A Belem Palmeros Exsome la acompa\u00f1aron la morenista; Lissethe Mart\u00ednez Echeverr\u00eda; las panistas, Sonia Colorado Alfonso, Gabriela Aguirre Reva y Aurora Alvizar Guerrero; posteriormente el regidor, Gianfranco Melchor Robinson, pidi\u00f3 la voz para anunciar que tambi\u00e9n los regidores de la bancada panista se retirar\u00edan del recinto por la misma situaci\u00f3n.<\/p>\n\n\n\n<p>Qui\u00e9nes no se sumaron a la iniciativa fueron las regidoras de Morena, Dolores Hern\u00e1ndez Sarmiento y Virginia Rold\u00e1n Ram\u00edrez, las cuales se retiraron cuando se anunci\u00f3 que no exist\u00eda el quorum legal para llevar a cabo la sesi\u00f3n solemne de Cabildo de este martes 28 de marzo.<\/p>\n","protected":false},"excerpt":{"rendered":"<p>Alejandro \u00c1vila Veracruz, Ver.- La regidora priista, Belem Palmeros Exsome pidi\u00f3 la voz en la sesi\u00f3n solemne de Cabildo que se realizar\u00eda la tarde de este martes en el Palacio Municipal de Veracruz, para informar que las mujeres abandonar\u00edan el recinto debido a que no pod\u00edan compartir la mesa con un presunto violador. Este martes [&hellip;]<\/p>\n","protected":false},"author":2476,"featured_media":38550,"comment_status":"open","ping_status":"open","sticky":false,"template":"","format":"standard","meta":{"_jetpack_memberships_contains_paid_content":false,"footnotes":""},"categories":[2],"tags":[],"class_list":["post-38549","post","type-post","status-publish","format-standard","has-post-thumbnail","hentry","category-estado"],"jetpack_featured_media_url":"https:\/\/encuentroinformativo.com.mx\/wp-content\/uploads\/2023\/03\/Screenshot_20230328-171205.png","jetpack_sharing_enabled":true,"jetpack_likes_enabled":true,"amp_enabled":true,"_links":{"self":[{"href":"https:\/\/encuentroinformativo.com.mx\/index.php?rest_route=\/wp\/v2\/posts\/38549","targetHints":{"allow":["GET"]}}],"collection":[{"href":"https:\/\/encuentroinformativo.com.mx\/index.php?rest_route=\/wp\/v2\/posts"}],"about":[{"href":"https:\/\/encuentroinformativo.com.mx\/index.php?rest_route=\/wp\/v2\/types\/post"}],"author":[{"embeddable":true,"href":"https:\/\/encuentroinformativo.com.mx\/index.php?rest_route=\/wp\/v2\/users\/2476"}],"replies":[{"embeddable":true,"href":"https:\/\/encuentroinformativo.com.mx\/index.php?rest_route=%2Fwp%2Fv2%2Fcomments&post=38549"}],"version-history":[{"count":1,"href":"https:\/\/encuentroinformativo.com.mx\/index.php?rest_route=\/wp\/v2\/posts\/38549\/revisions"}],"predecessor-version":[{"id":38551,"href":"https:\/\/encuentroinformativo.com.mx\/index.php?rest_route=\/wp\/v2\/posts\/38549\/revisions\/38551"}],"wp:featuredmedia":[{"embeddable":true,"href":"https:\/\/encuentroinformativo.com.mx\/index.php?rest_route=\/wp\/v2\/media\/38550"}],"wp:attachment":[{"href":"https:\/\/encuentroinformativo.com.mx\/index.php?rest_route=%2Fwp%2Fv2%2Fmedia&parent=38549"}],"wp:term":[{"taxonomy":"category","embeddable":true,"href":"https:\/\/encuentroinformativo.com.mx\/index.php?rest_route=%2Fwp%2Fv2%2Fcategories&post=38549"},{"taxonomy":"post_tag","embeddable":true,"href":"https:\/\/encuentroinformativo.com.mx\/index.php?rest_route=%2Fwp%2Fv2%2Ftags&post=38549"}],"curies":[{"name":"wp","href":"https:\/\/api.w.org\/{rel}","templated":true}]}}