{"id":38558,"date":"2023-03-29T09:54:55","date_gmt":"2023-03-29T15:54:55","guid":{"rendered":"https:\/\/encuentroinformativo.com.mx\/?p=38558"},"modified":"2023-03-29T09:54:59","modified_gmt":"2023-03-29T15:54:59","slug":"invertira-siop-20-mdp-para-conectar-localidades-de-medellin","status":"publish","type":"post","link":"https:\/\/encuentroinformativo.com.mx\/?p=38558","title":{"rendered":"Invertir\u00e1 SIOP 20 mdp para conectar localidades de Medell\u00edn"},"content":{"rendered":"\n<p><strong>Alejandro \u00c1vila<\/strong><\/p>\n\n\n\n<p>Medell\u00edn de Bravo, Ver.- Poco m\u00e1s de 20 millones de pesos es el presupuesto que invertir\u00e1 la Secretar\u00eda de Infraestructura y Obra P\u00fablica (SIOP) del Gobierno de Veracruz para conectar dos localidades del municipio de Medell\u00edn de Bravo con la carretera federal 180 y la autopista Veracruz &#8211; C\u00f3rdoba.<\/p>\n\n\n\n<p>El diputado local, Magdaleno Rosales Torres, relat\u00f3 que esta obra se gestion\u00f3 en 2019 y finalmente ha sido presupuestada por la dependencia estatal, la cual comenzar\u00e1 los trabajos en pr\u00f3xima semana.<\/p>\n\n\n\n<p>&#8220;Se va a beneficiar a la localidades de San Francisco y localidad de Los Pichones, es el camino que sale de El Tejar municipio de Medell\u00edn de Bravo, y ese camino pasa por San Francisco,&nbsp; Los Pichones, y ese camino sigue hasta Jamapa y Manlio Fabio Altamirano, ah\u00ed se van a beneficiar varias localidades, son 2 kilometros 700, el tramo es de la mera localidad de San Francisco al puente Los Pichones de la autopista&#8221;, subray\u00f3.<\/p>\n\n\n\n<p>El legislador de Morena asegur\u00f3 que los ejidatarios agradecen el apoyo del gobernador, Cuitl\u00e1huac Garc\u00eda Jim\u00e9nez; pues con la pavimentaci\u00f3n en concreto hidr\u00e1ulico de este tramo vehicular podr\u00e1n mejorar la distribuci\u00f3n de sus productos primarios, que se basa en temas agropecuarios y de ganader\u00eda.<\/p>\n\n\n\n<p>&#8220;En d\u00edas pasados ya vino la brigada de la SIOP, ya vino la brigada a tomar las \u00faltimas medidas por si hubiese alg\u00fan cambio, porque esta obra ya est\u00e1 validada son una de las obras que se metieron en 2019, se metieron los proyectos, incluso ya est\u00e1 validada y ya est\u00e1 en cartera para ejecutar este a\u00f1o, con esta obra ya van a ser dos&nbsp; con esta otra que se va a ejecutar en Manlio Fabio Altamirano, que es la de Malio Fabio Altamirano, colonia El Ejidal y Mozambique&#8221;, expres\u00f3 Magdaleno Rosales.<\/p>\n","protected":false},"excerpt":{"rendered":"<p>Alejandro \u00c1vila Medell\u00edn de Bravo, Ver.- Poco m\u00e1s de 20 millones de pesos es el presupuesto que invertir\u00e1 la Secretar\u00eda de Infraestructura y Obra P\u00fablica (SIOP) del Gobierno de Veracruz para conectar dos localidades del municipio de Medell\u00edn de Bravo con la carretera federal 180 y la autopista Veracruz &#8211; C\u00f3rdoba. El diputado local, Magdaleno [&hellip;]<\/p>\n","protected":false},"author":2476,"featured_media":38559,"comment_status":"open","ping_status":"open","sticky":false,"template":"","format":"standard","meta":{"_jetpack_memberships_contains_paid_content":false,"footnotes":""},"categories":[2],"tags":[],"class_list":["post-38558","post","type-post","status-publish","format-standard","has-post-thumbnail","hentry","category-estado"],"jetpack_featured_media_url":"https:\/\/encuentroinformativo.com.mx\/wp-content\/uploads\/2023\/03\/IMG-20230329-WA0007.jpg","jetpack_sharing_enabled":true,"jetpack_likes_enabled":true,"amp_enabled":true,"_links":{"self":[{"href":"https:\/\/encuentroinformativo.com.mx\/index.php?rest_route=\/wp\/v2\/posts\/38558","targetHints":{"allow":["GET"]}}],"collection":[{"href":"https:\/\/encuentroinformativo.com.mx\/index.php?rest_route=\/wp\/v2\/posts"}],"about":[{"href":"https:\/\/encuentroinformativo.com.mx\/index.php?rest_route=\/wp\/v2\/types\/post"}],"author":[{"embeddable":true,"href":"https:\/\/encuentroinformativo.com.mx\/index.php?rest_route=\/wp\/v2\/users\/2476"}],"replies":[{"embeddable":true,"href":"https:\/\/encuentroinformativo.com.mx\/index.php?rest_route=%2Fwp%2Fv2%2Fcomments&post=38558"}],"version-history":[{"count":1,"href":"https:\/\/encuentroinformativo.com.mx\/index.php?rest_route=\/wp\/v2\/posts\/38558\/revisions"}],"predecessor-version":[{"id":38560,"href":"https:\/\/encuentroinformativo.com.mx\/index.php?rest_route=\/wp\/v2\/posts\/38558\/revisions\/38560"}],"wp:featuredmedia":[{"embeddable":true,"href":"https:\/\/encuentroinformativo.com.mx\/index.php?rest_route=\/wp\/v2\/media\/38559"}],"wp:attachment":[{"href":"https:\/\/encuentroinformativo.com.mx\/index.php?rest_route=%2Fwp%2Fv2%2Fmedia&parent=38558"}],"wp:term":[{"taxonomy":"category","embeddable":true,"href":"https:\/\/encuentroinformativo.com.mx\/index.php?rest_route=%2Fwp%2Fv2%2Fcategories&post=38558"},{"taxonomy":"post_tag","embeddable":true,"href":"https:\/\/encuentroinformativo.com.mx\/index.php?rest_route=%2Fwp%2Fv2%2Ftags&post=38558"}],"curies":[{"name":"wp","href":"https:\/\/api.w.org\/{rel}","templated":true}]}}