{"id":38561,"date":"2023-03-29T10:10:39","date_gmt":"2023-03-29T16:10:39","guid":{"rendered":"https:\/\/encuentroinformativo.com.mx\/?p=38561"},"modified":"2023-03-29T10:10:43","modified_gmt":"2023-03-29T16:10:43","slug":"reubican-paradas-de-transporte-publico","status":"publish","type":"post","link":"https:\/\/encuentroinformativo.com.mx\/?p=38561","title":{"rendered":"Reubican paradas de transporte p\u00fablico"},"content":{"rendered":"\n<p><strong>Israel Garc\u00eda <\/strong><\/p>\n\n\n\n<p>Xalapa, Ver.- Por instrucciones del Director General de Transporte del Estado, Angel Alarc\u00f3n Palmeros, se recorri\u00f3 la parada de autob\u00fas en la calle de Miguel Hidalgo y Costilla, explic\u00f3 Jos\u00e9 de Jes\u00fas elemento de la Direcci\u00f3n General de Tr\u00e1nsito del Estado.<\/p>\n\n\n\n<p>Por lo que invita a la ciudadan\u00eda que estan en espera del autob\u00fas que los lleva a su destino, que la parada qued\u00f3 en la misma calle 10 metros abajo.<\/p>\n\n\n\n<p>Ante lo cual dijo que piden a transporte p\u00fablico respeten las se\u00f1ales y a los particulares no se estacionen para evitar ser infraccionados.<\/p>\n\n\n\n<figure class=\"wp-block-image size-large\"><img loading=\"lazy\" decoding=\"async\" width=\"1024\" height=\"576\" src=\"https:\/\/encuentroinformativo.com.mx\/wp-content\/uploads\/2023\/03\/Photo_1680105902890-1024x576.jpg\" alt=\"\" class=\"wp-image-38563\" srcset=\"https:\/\/encuentroinformativo.com.mx\/wp-content\/uploads\/2023\/03\/Photo_1680105902890-1024x576.jpg 1024w, https:\/\/encuentroinformativo.com.mx\/wp-content\/uploads\/2023\/03\/Photo_1680105902890-300x169.jpg 300w, https:\/\/encuentroinformativo.com.mx\/wp-content\/uploads\/2023\/03\/Photo_1680105902890-768x432.jpg 768w, https:\/\/encuentroinformativo.com.mx\/wp-content\/uploads\/2023\/03\/Photo_1680105902890.jpg 1280w\" sizes=\"auto, (max-width: 1024px) 100vw, 1024px\" \/><\/figure>\n","protected":false},"excerpt":{"rendered":"<p>Israel Garc\u00eda Xalapa, Ver.- Por instrucciones del Director General de Transporte del Estado, Angel Alarc\u00f3n Palmeros, se recorri\u00f3 la parada de autob\u00fas en la calle de Miguel Hidalgo y Costilla, explic\u00f3 Jos\u00e9 de Jes\u00fas elemento de la Direcci\u00f3n General de Tr\u00e1nsito del Estado. Por lo que invita a la ciudadan\u00eda que estan en espera del [&hellip;]<\/p>\n","protected":false},"author":2476,"featured_media":38562,"comment_status":"open","ping_status":"open","sticky":false,"template":"","format":"standard","meta":{"_jetpack_memberships_contains_paid_content":false,"footnotes":""},"categories":[3],"tags":[],"class_list":["post-38561","post","type-post","status-publish","format-standard","has-post-thumbnail","hentry","category-xalapa"],"jetpack_featured_media_url":"https:\/\/encuentroinformativo.com.mx\/wp-content\/uploads\/2023\/03\/Photo_1680105872330.jpg","jetpack_sharing_enabled":true,"jetpack_likes_enabled":true,"amp_enabled":true,"_links":{"self":[{"href":"https:\/\/encuentroinformativo.com.mx\/index.php?rest_route=\/wp\/v2\/posts\/38561","targetHints":{"allow":["GET"]}}],"collection":[{"href":"https:\/\/encuentroinformativo.com.mx\/index.php?rest_route=\/wp\/v2\/posts"}],"about":[{"href":"https:\/\/encuentroinformativo.com.mx\/index.php?rest_route=\/wp\/v2\/types\/post"}],"author":[{"embeddable":true,"href":"https:\/\/encuentroinformativo.com.mx\/index.php?rest_route=\/wp\/v2\/users\/2476"}],"replies":[{"embeddable":true,"href":"https:\/\/encuentroinformativo.com.mx\/index.php?rest_route=%2Fwp%2Fv2%2Fcomments&post=38561"}],"version-history":[{"count":1,"href":"https:\/\/encuentroinformativo.com.mx\/index.php?rest_route=\/wp\/v2\/posts\/38561\/revisions"}],"predecessor-version":[{"id":38564,"href":"https:\/\/encuentroinformativo.com.mx\/index.php?rest_route=\/wp\/v2\/posts\/38561\/revisions\/38564"}],"wp:featuredmedia":[{"embeddable":true,"href":"https:\/\/encuentroinformativo.com.mx\/index.php?rest_route=\/wp\/v2\/media\/38562"}],"wp:attachment":[{"href":"https:\/\/encuentroinformativo.com.mx\/index.php?rest_route=%2Fwp%2Fv2%2Fmedia&parent=38561"}],"wp:term":[{"taxonomy":"category","embeddable":true,"href":"https:\/\/encuentroinformativo.com.mx\/index.php?rest_route=%2Fwp%2Fv2%2Fcategories&post=38561"},{"taxonomy":"post_tag","embeddable":true,"href":"https:\/\/encuentroinformativo.com.mx\/index.php?rest_route=%2Fwp%2Fv2%2Ftags&post=38561"}],"curies":[{"name":"wp","href":"https:\/\/api.w.org\/{rel}","templated":true}]}}