{"id":38569,"date":"2023-03-29T13:20:34","date_gmt":"2023-03-29T19:20:34","guid":{"rendered":"https:\/\/encuentroinformativo.com.mx\/?p=38569"},"modified":"2023-03-29T13:20:38","modified_gmt":"2023-03-29T19:20:38","slug":"denuncian-ante-fge-a-maestro-por-presunta-violencia-sexual-en-primaria","status":"publish","type":"post","link":"https:\/\/encuentroinformativo.com.mx\/?p=38569","title":{"rendered":"Denuncian ante FGE a maestro por presunta violencia sexual en primaria"},"content":{"rendered":"\n<p><strong>Alejandro \u00c1vila<\/strong><\/p>\n\n\n\n<p>Veracruz, Ver.- Al menos cuatro ni\u00f1as habr\u00edan sido v\u00edctimas de abuso er\u00f3tico sexual, presuntamente por un docente de la primaria Antonio Caso ubicada en el Infonavit Buenavista del municipio de Veracruz.<\/p>\n\n\n\n<p>Dulce Mar\u00eda Gonz\u00e1lez Garc\u00eda, madre de una de las peque\u00f1as, dijo que las menores tienen entre 11 y 12 a\u00f1os de edad.<\/p>\n\n\n\n<p>&#8220;Hay cuatro v\u00edctimas al parecer, hay dos m\u00e1s las cuales no van a denunciar, y hay dos casos registrados de dos personas de hace 6 -8 a\u00f1os (\u2026) yo ya tengo una denuncia en Fiscal\u00eda, el d\u00eda 22 de marzo se hizo, ellas tienen denuncia aqu\u00ed en la SEV, de hecho estamos aqu\u00ed hoy reunidas porque se va a dar testimonio de los hechos, nos piden testigos nos piden pruebas, pero a la vez desestiman el caso de ella, no lo quieren incorporar dentro de nuestros casos, y pues realmente es lo mismo (\u2026) que eso ya pas\u00f3, que ella en su momento tuvo que haber hecho una denuncia y no la hizo&#8221;, mencion\u00f3.<\/p>\n\n\n\n<p>Las madres de las afectadas se\u00f1alaron que a mediados del mes de marzo el maestro fue separado del plantel educativo; sin embargo, ellas exigen ante la Secretar\u00eda de Educaci\u00f3n de Veracruz que le sea retirada su c\u00e9dula profesional y que nunca m\u00e1s vuelva a dar clases en ninguna escuela del pa\u00eds.<\/p>\n\n\n\n<p>&#8220;Queremos justicia, queremos que a \u00e9l se le retire y que pague, no nada m\u00e1s lo que hizo con nuestras hijas sino lo que hizo tiempo atr\u00e1s tambi\u00e9n (\u2026) Azael, \u00e9l es maestro de cuarto grado&#8221;, agreg\u00f3.<\/p>\n\n\n\n<figure class=\"wp-block-image size-large\"><img loading=\"lazy\" decoding=\"async\" width=\"1024\" height=\"768\" src=\"https:\/\/encuentroinformativo.com.mx\/wp-content\/uploads\/2023\/03\/IMG-20230329-WA0040-1024x768.jpg\" alt=\"\" class=\"wp-image-38571\" srcset=\"https:\/\/encuentroinformativo.com.mx\/wp-content\/uploads\/2023\/03\/IMG-20230329-WA0040-1024x768.jpg 1024w, https:\/\/encuentroinformativo.com.mx\/wp-content\/uploads\/2023\/03\/IMG-20230329-WA0040-300x225.jpg 300w, https:\/\/encuentroinformativo.com.mx\/wp-content\/uploads\/2023\/03\/IMG-20230329-WA0040-768x576.jpg 768w, https:\/\/encuentroinformativo.com.mx\/wp-content\/uploads\/2023\/03\/IMG-20230329-WA0040-1536x1153.jpg 1536w, https:\/\/encuentroinformativo.com.mx\/wp-content\/uploads\/2023\/03\/IMG-20230329-WA0040.jpg 1599w\" sizes=\"auto, (max-width: 1024px) 100vw, 1024px\" \/><\/figure>\n","protected":false},"excerpt":{"rendered":"<p>Alejandro \u00c1vila Veracruz, Ver.- Al menos cuatro ni\u00f1as habr\u00edan sido v\u00edctimas de abuso er\u00f3tico sexual, presuntamente por un docente de la primaria Antonio Caso ubicada en el Infonavit Buenavista del municipio de Veracruz. Dulce Mar\u00eda Gonz\u00e1lez Garc\u00eda, madre de una de las peque\u00f1as, dijo que las menores tienen entre 11 y 12 a\u00f1os de edad. [&hellip;]<\/p>\n","protected":false},"author":2476,"featured_media":38570,"comment_status":"open","ping_status":"open","sticky":false,"template":"","format":"standard","meta":{"_jetpack_memberships_contains_paid_content":false,"footnotes":""},"categories":[2],"tags":[],"class_list":["post-38569","post","type-post","status-publish","format-standard","has-post-thumbnail","hentry","category-estado"],"jetpack_featured_media_url":"https:\/\/encuentroinformativo.com.mx\/wp-content\/uploads\/2023\/03\/IMG-20230329-WA0037.jpg","jetpack_sharing_enabled":true,"jetpack_likes_enabled":true,"amp_enabled":true,"_links":{"self":[{"href":"https:\/\/encuentroinformativo.com.mx\/index.php?rest_route=\/wp\/v2\/posts\/38569","targetHints":{"allow":["GET"]}}],"collection":[{"href":"https:\/\/encuentroinformativo.com.mx\/index.php?rest_route=\/wp\/v2\/posts"}],"about":[{"href":"https:\/\/encuentroinformativo.com.mx\/index.php?rest_route=\/wp\/v2\/types\/post"}],"author":[{"embeddable":true,"href":"https:\/\/encuentroinformativo.com.mx\/index.php?rest_route=\/wp\/v2\/users\/2476"}],"replies":[{"embeddable":true,"href":"https:\/\/encuentroinformativo.com.mx\/index.php?rest_route=%2Fwp%2Fv2%2Fcomments&post=38569"}],"version-history":[{"count":1,"href":"https:\/\/encuentroinformativo.com.mx\/index.php?rest_route=\/wp\/v2\/posts\/38569\/revisions"}],"predecessor-version":[{"id":38572,"href":"https:\/\/encuentroinformativo.com.mx\/index.php?rest_route=\/wp\/v2\/posts\/38569\/revisions\/38572"}],"wp:featuredmedia":[{"embeddable":true,"href":"https:\/\/encuentroinformativo.com.mx\/index.php?rest_route=\/wp\/v2\/media\/38570"}],"wp:attachment":[{"href":"https:\/\/encuentroinformativo.com.mx\/index.php?rest_route=%2Fwp%2Fv2%2Fmedia&parent=38569"}],"wp:term":[{"taxonomy":"category","embeddable":true,"href":"https:\/\/encuentroinformativo.com.mx\/index.php?rest_route=%2Fwp%2Fv2%2Fcategories&post=38569"},{"taxonomy":"post_tag","embeddable":true,"href":"https:\/\/encuentroinformativo.com.mx\/index.php?rest_route=%2Fwp%2Fv2%2Ftags&post=38569"}],"curies":[{"name":"wp","href":"https:\/\/api.w.org\/{rel}","templated":true}]}}