{"id":38579,"date":"2023-03-29T15:36:03","date_gmt":"2023-03-29T21:36:03","guid":{"rendered":"https:\/\/encuentroinformativo.com.mx\/?p=38579"},"modified":"2023-03-29T15:36:07","modified_gmt":"2023-03-29T21:36:07","slug":"veracruz-entre-los-cinco-primeros-lugares-con-personas-economicamente-activas","status":"publish","type":"post","link":"https:\/\/encuentroinformativo.com.mx\/?p=38579","title":{"rendered":"Veracruz entre los cinco primeros lugares con personas econ\u00f3micamente activas"},"content":{"rendered":"\n<p><strong>Alejandro \u00c1vila<\/strong><\/p>\n\n\n\n<p>Veracruz, Ver.- Seg\u00fan el reporte de la Encuesta Nacional de Ocupaci\u00f3n de Empleo, el estado de Veracruz se encuentra entre los cinco primeros lugares con m\u00e1s personas econ\u00f3micamente activas, inform\u00f3 la secretaria del Trabajo y Previsi\u00f3n Social, Dorheny Garc\u00eda Cayetano.<\/p>\n\n\n\n<p>Lament\u00f3 que esto no se vea reflejado en personas inscritas en el Instituto Mexicano del Seguro Social, ante lo cual emprendieron una campa\u00f1a con la dependencia federal para que cada vez m\u00e1s personas se inscriban a la seguridad social.<\/p>\n\n\n\n<p>&#8220;Como ejemplo hace unos d\u00edas nos fuimos al mercado central de Xalapa, para invitarles y darles a conocer este esquema de trabajadores independientes, en donde como ellos mismos son sus propios patrones, ellos mismos se pueden dar de alta en la seguridad social (\u2026) no, lo que pasa es que a esa informalidad no se les hab\u00eda acercado las herramientas para que se insertaran a la seguridad social, entonces al no preocuparse por esta situaci\u00f3n pues la gente la segu\u00eda desconociendo&#8221;, resalt\u00f3.<\/p>\n\n\n\n<p>Destac\u00f3 que es importante que las mujeres se unan a la seguridad social, pues contar\u00e1n con prestaciones importantes como el derecho a la guarder\u00eda.<\/p>\n\n\n\n<p>&#8220;Si no est\u00e1n insertas pues no cuentan con este derecho y entonces les cuesta m\u00e1s trabajo tener actividades de recreaci\u00f3n, tener actividades de liderazgo, estar en las comitivas o en los liderazgos sindicales, y estas prestaciones siempre ayudan a la mejor integraci\u00f3n de las mujeres a la vida p\u00fablica del pa\u00eds&#8221;, subray\u00f3.<\/p>\n\n\n\n<p>La funcionaria estatal estuvo de visita en la USBI de Boca del R\u00edo en el marco de la Sexta Feria de Empleo con prioridad para mujeres.<\/p>\n","protected":false},"excerpt":{"rendered":"<p>Alejandro \u00c1vila Veracruz, Ver.- Seg\u00fan el reporte de la Encuesta Nacional de Ocupaci\u00f3n de Empleo, el estado de Veracruz se encuentra entre los cinco primeros lugares con m\u00e1s personas econ\u00f3micamente activas, inform\u00f3 la secretaria del Trabajo y Previsi\u00f3n Social, Dorheny Garc\u00eda Cayetano. Lament\u00f3 que esto no se vea reflejado en personas inscritas en el Instituto [&hellip;]<\/p>\n","protected":false},"author":2476,"featured_media":38580,"comment_status":"open","ping_status":"open","sticky":false,"template":"","format":"standard","meta":{"_jetpack_memberships_contains_paid_content":false,"footnotes":""},"categories":[2],"tags":[],"class_list":["post-38579","post","type-post","status-publish","format-standard","has-post-thumbnail","hentry","category-estado"],"jetpack_featured_media_url":"https:\/\/encuentroinformativo.com.mx\/wp-content\/uploads\/2023\/03\/IMG-20230329-WA0061.jpg","jetpack_sharing_enabled":true,"jetpack_likes_enabled":true,"amp_enabled":true,"_links":{"self":[{"href":"https:\/\/encuentroinformativo.com.mx\/index.php?rest_route=\/wp\/v2\/posts\/38579","targetHints":{"allow":["GET"]}}],"collection":[{"href":"https:\/\/encuentroinformativo.com.mx\/index.php?rest_route=\/wp\/v2\/posts"}],"about":[{"href":"https:\/\/encuentroinformativo.com.mx\/index.php?rest_route=\/wp\/v2\/types\/post"}],"author":[{"embeddable":true,"href":"https:\/\/encuentroinformativo.com.mx\/index.php?rest_route=\/wp\/v2\/users\/2476"}],"replies":[{"embeddable":true,"href":"https:\/\/encuentroinformativo.com.mx\/index.php?rest_route=%2Fwp%2Fv2%2Fcomments&post=38579"}],"version-history":[{"count":1,"href":"https:\/\/encuentroinformativo.com.mx\/index.php?rest_route=\/wp\/v2\/posts\/38579\/revisions"}],"predecessor-version":[{"id":38581,"href":"https:\/\/encuentroinformativo.com.mx\/index.php?rest_route=\/wp\/v2\/posts\/38579\/revisions\/38581"}],"wp:featuredmedia":[{"embeddable":true,"href":"https:\/\/encuentroinformativo.com.mx\/index.php?rest_route=\/wp\/v2\/media\/38580"}],"wp:attachment":[{"href":"https:\/\/encuentroinformativo.com.mx\/index.php?rest_route=%2Fwp%2Fv2%2Fmedia&parent=38579"}],"wp:term":[{"taxonomy":"category","embeddable":true,"href":"https:\/\/encuentroinformativo.com.mx\/index.php?rest_route=%2Fwp%2Fv2%2Fcategories&post=38579"},{"taxonomy":"post_tag","embeddable":true,"href":"https:\/\/encuentroinformativo.com.mx\/index.php?rest_route=%2Fwp%2Fv2%2Ftags&post=38579"}],"curies":[{"name":"wp","href":"https:\/\/api.w.org\/{rel}","templated":true}]}}