{"id":38582,"date":"2023-03-29T15:38:29","date_gmt":"2023-03-29T21:38:29","guid":{"rendered":"https:\/\/encuentroinformativo.com.mx\/?p=38582"},"modified":"2023-03-29T15:38:33","modified_gmt":"2023-03-29T21:38:33","slug":"aparece-hombre-ahogado-en-boca-del-rio","status":"publish","type":"post","link":"https:\/\/encuentroinformativo.com.mx\/?p=38582","title":{"rendered":"Aparece hombre ahogado en Boca del R\u00edo"},"content":{"rendered":"\n<p><strong>Alejandro \u00c1vila<\/strong><\/p>\n\n\n\n<p>Boca del R\u00edo, Ver.- La ma\u00f1ana de este mi\u00e9rcoles apareci\u00f3 el cuerpo sin vida de una persona detr\u00e1s del Palacio Municipal de Boca del R\u00edo.<\/p>\n\n\n\n<p>El cuerpo fue visto justo en la zona de pescadores de la cabecera municipal, a la altura de la desembocadura de los r\u00edos Jamapa y Cotaxtla; el joven no presentaba huellas de violencia, por lo que se piensa que se habr\u00eda ahogado r\u00edo arriba.<\/p>\n\n\n\n<p>Se estima que el finado ten\u00eda una edad entre los 25 y 28 a\u00f1os, solo vest\u00eda una trusa de color azul y como se\u00f1a particular portaba un piercing en la oreja izquierda; hasta el momento se encuentra en calidad no identificado.<\/p>\n\n\n\n<p>El cuerpo fue encontrado por los pescadores de la zona aproximadamente a las 6:40 de la ma\u00f1ana, por lo que dieron aviso los servicios de emergencia a trav\u00e9s del n\u00famero 911, arribando minutos despu\u00e9s elementos de Protecci\u00f3n Civil Municipal de Boca del R\u00edo.<\/p>\n\n\n\n<p>Fue con la ayuda de un guardavidas de Protecci\u00f3n Civil que el cuerpo fue acercado hasta la orilla, en donde elementos de la Polic\u00eda Municipal de Boca del R\u00edo y del agrupamiento mar\u00edtimo de la Fuerza Civil ya lo esperaban quedando resguardada la zona y dando parte a la Fiscal\u00eda Regional.<\/p>\n\n\n\n<p>Finalmente los restos fueron trasladados al Servicio de Medicina Forense, luego de que el personal de la Polic\u00eda Ministerial y de servicios periciales realizaran las diligencias correspondientes, indicandose que el cuerpo presentaba rigor mortis, por lo que&nbsp; pudo ser arrastrado desde otro municipio por alguno de los dos r\u00edos que desembocan y tendr\u00eda al menos un d\u00eda de haber fallecido.<\/p>\n","protected":false},"excerpt":{"rendered":"<p>Alejandro \u00c1vila Boca del R\u00edo, Ver.- La ma\u00f1ana de este mi\u00e9rcoles apareci\u00f3 el cuerpo sin vida de una persona detr\u00e1s del Palacio Municipal de Boca del R\u00edo. El cuerpo fue visto justo en la zona de pescadores de la cabecera municipal, a la altura de la desembocadura de los r\u00edos Jamapa y Cotaxtla; el joven [&hellip;]<\/p>\n","protected":false},"author":2476,"featured_media":38583,"comment_status":"open","ping_status":"open","sticky":false,"template":"","format":"standard","meta":{"_jetpack_memberships_contains_paid_content":false,"footnotes":""},"categories":[14],"tags":[],"class_list":["post-38582","post","type-post","status-publish","format-standard","has-post-thumbnail","hentry","category-policiaca"],"jetpack_featured_media_url":"https:\/\/encuentroinformativo.com.mx\/wp-content\/uploads\/2023\/03\/IMG-20230329-WA0072.jpg","jetpack_sharing_enabled":true,"jetpack_likes_enabled":true,"amp_enabled":true,"_links":{"self":[{"href":"https:\/\/encuentroinformativo.com.mx\/index.php?rest_route=\/wp\/v2\/posts\/38582","targetHints":{"allow":["GET"]}}],"collection":[{"href":"https:\/\/encuentroinformativo.com.mx\/index.php?rest_route=\/wp\/v2\/posts"}],"about":[{"href":"https:\/\/encuentroinformativo.com.mx\/index.php?rest_route=\/wp\/v2\/types\/post"}],"author":[{"embeddable":true,"href":"https:\/\/encuentroinformativo.com.mx\/index.php?rest_route=\/wp\/v2\/users\/2476"}],"replies":[{"embeddable":true,"href":"https:\/\/encuentroinformativo.com.mx\/index.php?rest_route=%2Fwp%2Fv2%2Fcomments&post=38582"}],"version-history":[{"count":1,"href":"https:\/\/encuentroinformativo.com.mx\/index.php?rest_route=\/wp\/v2\/posts\/38582\/revisions"}],"predecessor-version":[{"id":38584,"href":"https:\/\/encuentroinformativo.com.mx\/index.php?rest_route=\/wp\/v2\/posts\/38582\/revisions\/38584"}],"wp:featuredmedia":[{"embeddable":true,"href":"https:\/\/encuentroinformativo.com.mx\/index.php?rest_route=\/wp\/v2\/media\/38583"}],"wp:attachment":[{"href":"https:\/\/encuentroinformativo.com.mx\/index.php?rest_route=%2Fwp%2Fv2%2Fmedia&parent=38582"}],"wp:term":[{"taxonomy":"category","embeddable":true,"href":"https:\/\/encuentroinformativo.com.mx\/index.php?rest_route=%2Fwp%2Fv2%2Fcategories&post=38582"},{"taxonomy":"post_tag","embeddable":true,"href":"https:\/\/encuentroinformativo.com.mx\/index.php?rest_route=%2Fwp%2Fv2%2Ftags&post=38582"}],"curies":[{"name":"wp","href":"https:\/\/api.w.org\/{rel}","templated":true}]}}