{"id":38585,"date":"2023-03-29T15:51:46","date_gmt":"2023-03-29T21:51:46","guid":{"rendered":"https:\/\/encuentroinformativo.com.mx\/?p=38585"},"modified":"2023-03-29T15:51:50","modified_gmt":"2023-03-29T21:51:50","slug":"cortes-de-cfe-afectaron-a-negocios-del-centro","status":"publish","type":"post","link":"https:\/\/encuentroinformativo.com.mx\/?p=38585","title":{"rendered":"Cortes de CFE afectaron a negocios del centro"},"content":{"rendered":"\n<p><strong>Juan Arcos <\/strong><\/p>\n\n\n\n<p>Xalapa, Ver.- Algunos negocios del centro de esta ciudad de Xalapa registraron p\u00e9rdidas econ\u00f3micas debido a que la Comisi\u00f3n Federal de Electricidad (CFE) suspendi\u00f3 el servicio por presuntas reparaciones.<\/p>\n\n\n\n<p>Las cafeter\u00edas que se encuentran sobre la calle Zamora, entre Jos\u00e9 Mar\u00eda Mata y Primo Verdad, dejaron de producir y comercializar bebidas por la falta de energ\u00eda el\u00e9ctrica.<\/p>\n\n\n\n<p>La tarde de ayer martes 28 de marzo, la empresa notific\u00f3 a algunos establecimientos que el servicio ser\u00eda interrumpido de 10:30 a las 13:30 horas, mientras llevaban a cabo sus labores correspondientes.<\/p>\n\n\n\n<p>Los trabajadores realizaron maniobras sobre el callej\u00f3n Gonz\u00e1lez Aparicio y en algunos de los postes que se encuentran en la zona centro de esta capital veracruzana.<\/p>\n\n\n\n<p>De acuerdo con Gabriela Mora, una de las encargadas de una cafeter\u00eda, se registraron bajas ventas por la falta de luz y el negocio se qued\u00f3 casi vac\u00edo despu\u00e9s de las diez y media de la ma\u00f1ana.<\/p>\n\n\n\n<p>&#8220;Est\u00e1 afectando en las ventas, no hay luz, no podemos vender tazas de caf\u00e9 y muchos de nuestros clientes vienen a trabajar con el internet pero no hay ahorita por la falta de luz. Necesitamos la luz para encender la m\u00e1quina de caf\u00e9 y preparar los alimentos\u201d, a\u00f1adi\u00f3.<\/p>\n\n\n\n<p>En los negocios colocaron velas en la cocina para la preparaci\u00f3n de algunos alimentos, debido a que est\u00e1 muy obscuro. Adem\u00e1s, el negocio carece de sistema de cobro por la falta de energ\u00eda el\u00e9ctrica.<\/p>\n\n\n\n<p>Los comerciantes pidieron a la CFE que lleve a cabo las reparaciones en el transcurso de la noche para evitar afectaciones mayores a los establecimientos.<\/p>\n","protected":false},"excerpt":{"rendered":"<p>Juan Arcos Xalapa, Ver.- Algunos negocios del centro de esta ciudad de Xalapa registraron p\u00e9rdidas econ\u00f3micas debido a que la Comisi\u00f3n Federal de Electricidad (CFE) suspendi\u00f3 el servicio por presuntas reparaciones. Las cafeter\u00edas que se encuentran sobre la calle Zamora, entre Jos\u00e9 Mar\u00eda Mata y Primo Verdad, dejaron de producir y comercializar bebidas por la [&hellip;]<\/p>\n","protected":false},"author":2476,"featured_media":38586,"comment_status":"open","ping_status":"open","sticky":false,"template":"","format":"standard","meta":{"_jetpack_memberships_contains_paid_content":false,"footnotes":""},"categories":[3],"tags":[],"class_list":["post-38585","post","type-post","status-publish","format-standard","has-post-thumbnail","hentry","category-xalapa"],"jetpack_featured_media_url":"https:\/\/encuentroinformativo.com.mx\/wp-content\/uploads\/2023\/03\/IMG_8684.jpg","jetpack_sharing_enabled":true,"jetpack_likes_enabled":true,"amp_enabled":true,"_links":{"self":[{"href":"https:\/\/encuentroinformativo.com.mx\/index.php?rest_route=\/wp\/v2\/posts\/38585","targetHints":{"allow":["GET"]}}],"collection":[{"href":"https:\/\/encuentroinformativo.com.mx\/index.php?rest_route=\/wp\/v2\/posts"}],"about":[{"href":"https:\/\/encuentroinformativo.com.mx\/index.php?rest_route=\/wp\/v2\/types\/post"}],"author":[{"embeddable":true,"href":"https:\/\/encuentroinformativo.com.mx\/index.php?rest_route=\/wp\/v2\/users\/2476"}],"replies":[{"embeddable":true,"href":"https:\/\/encuentroinformativo.com.mx\/index.php?rest_route=%2Fwp%2Fv2%2Fcomments&post=38585"}],"version-history":[{"count":1,"href":"https:\/\/encuentroinformativo.com.mx\/index.php?rest_route=\/wp\/v2\/posts\/38585\/revisions"}],"predecessor-version":[{"id":38587,"href":"https:\/\/encuentroinformativo.com.mx\/index.php?rest_route=\/wp\/v2\/posts\/38585\/revisions\/38587"}],"wp:featuredmedia":[{"embeddable":true,"href":"https:\/\/encuentroinformativo.com.mx\/index.php?rest_route=\/wp\/v2\/media\/38586"}],"wp:attachment":[{"href":"https:\/\/encuentroinformativo.com.mx\/index.php?rest_route=%2Fwp%2Fv2%2Fmedia&parent=38585"}],"wp:term":[{"taxonomy":"category","embeddable":true,"href":"https:\/\/encuentroinformativo.com.mx\/index.php?rest_route=%2Fwp%2Fv2%2Fcategories&post=38585"},{"taxonomy":"post_tag","embeddable":true,"href":"https:\/\/encuentroinformativo.com.mx\/index.php?rest_route=%2Fwp%2Fv2%2Ftags&post=38585"}],"curies":[{"name":"wp","href":"https:\/\/api.w.org\/{rel}","templated":true}]}}