{"id":38588,"date":"2023-03-29T16:01:27","date_gmt":"2023-03-29T22:01:27","guid":{"rendered":"https:\/\/encuentroinformativo.com.mx\/?p=38588"},"modified":"2023-03-29T16:01:30","modified_gmt":"2023-03-29T22:01:30","slug":"invitan-organizadores-a-celebrar-el-dia-del-taco","status":"publish","type":"post","link":"https:\/\/encuentroinformativo.com.mx\/?p=38588","title":{"rendered":"Invitan organizadores a celebrar el D\u00eda del Taco"},"content":{"rendered":"\n<p><strong>Dar\u00edo Pale<\/strong><\/p>\n\n\n\n<p>Xalapa, Ver.- Invitan a la ciudadan\u00eda en general para que este viernes y s\u00e1bado asistan a la realizaci\u00f3n del <strong>D\u00eda del Taco <\/strong>en Xalapa, el evento se llevar\u00e1 a cabo en la plaza gastron\u00f3mica San Jos\u00e9.<\/p>\n\n\n\n<p>En conferencia de prensa los organizadores dieron a conocer que participar\u00e1n 35 expositores y habr\u00e1 tacos de carnitas, de insectos, de pescado, de pastor, entre otras variedades.<\/p>\n\n\n\n<p>La inauguraci\u00f3n ser\u00e1 a las 13 horas del viernes 31 de marzo, donde habr\u00e1 concursos, actividades art\u00edsticas, adem\u00e1s de que se ofrecer\u00e1n degustaciones y promociones.<\/p>\n\n\n\n<p>El horario ser\u00e1 de 12 del d\u00eda a las 9 de la noche y en algunas horas habr\u00e1 descuentos y con precios accesibles.\u00a0<\/p>\n\n\n\n<p>Por su parte el regidor quinto Diego David Florescano P\u00e9rez destac\u00f3 la participaci\u00f3n del Ayuntamiento de Xalapa y el Consejo Veracruzano Gastron\u00f3mico, dijo que se impulsa la econom\u00eda local y regional, pues vendr\u00e1n taqueros de Coatepec.\u00a0<\/p>\n\n\n\n<p>Finalmente el edil coment\u00f3 que se planea que el pr\u00f3ximo a\u00f1o pueda hacerse en Los Lagos o en alguna otra zona de la ciudad capital.<\/p>\n\n\n\n<figure class=\"wp-block-image size-large\"><img loading=\"lazy\" decoding=\"async\" width=\"1024\" height=\"683\" src=\"https:\/\/encuentroinformativo.com.mx\/wp-content\/uploads\/2023\/03\/Photo_1680126884587-1024x683.jpg\" alt=\"\" class=\"wp-image-38590\" srcset=\"https:\/\/encuentroinformativo.com.mx\/wp-content\/uploads\/2023\/03\/Photo_1680126884587-1024x683.jpg 1024w, https:\/\/encuentroinformativo.com.mx\/wp-content\/uploads\/2023\/03\/Photo_1680126884587-300x200.jpg 300w, https:\/\/encuentroinformativo.com.mx\/wp-content\/uploads\/2023\/03\/Photo_1680126884587-768x512.jpg 768w, https:\/\/encuentroinformativo.com.mx\/wp-content\/uploads\/2023\/03\/Photo_1680126884587-1536x1024.jpg 1536w, https:\/\/encuentroinformativo.com.mx\/wp-content\/uploads\/2023\/03\/Photo_1680126884587.jpg 1968w\" sizes=\"auto, (max-width: 1024px) 100vw, 1024px\" \/><\/figure>\n\n\n\n<figure class=\"wp-block-image size-large\"><img loading=\"lazy\" decoding=\"async\" width=\"1024\" height=\"683\" src=\"https:\/\/encuentroinformativo.com.mx\/wp-content\/uploads\/2023\/03\/Photo_1680126941222-1024x683.jpg\" alt=\"\" class=\"wp-image-38591\" srcset=\"https:\/\/encuentroinformativo.com.mx\/wp-content\/uploads\/2023\/03\/Photo_1680126941222-1024x683.jpg 1024w, https:\/\/encuentroinformativo.com.mx\/wp-content\/uploads\/2023\/03\/Photo_1680126941222-300x200.jpg 300w, https:\/\/encuentroinformativo.com.mx\/wp-content\/uploads\/2023\/03\/Photo_1680126941222-768x512.jpg 768w, https:\/\/encuentroinformativo.com.mx\/wp-content\/uploads\/2023\/03\/Photo_1680126941222-1536x1024.jpg 1536w, https:\/\/encuentroinformativo.com.mx\/wp-content\/uploads\/2023\/03\/Photo_1680126941222.jpg 1968w\" sizes=\"auto, (max-width: 1024px) 100vw, 1024px\" \/><\/figure>\n","protected":false},"excerpt":{"rendered":"<p>Dar\u00edo Pale Xalapa, Ver.- Invitan a la ciudadan\u00eda en general para que este viernes y s\u00e1bado asistan a la realizaci\u00f3n del D\u00eda del Taco en Xalapa, el evento se llevar\u00e1 a cabo en la plaza gastron\u00f3mica San Jos\u00e9. En conferencia de prensa los organizadores dieron a conocer que participar\u00e1n 35 expositores y habr\u00e1 tacos de [&hellip;]<\/p>\n","protected":false},"author":2476,"featured_media":38589,"comment_status":"open","ping_status":"open","sticky":false,"template":"","format":"standard","meta":{"_jetpack_memberships_contains_paid_content":false,"footnotes":""},"categories":[3],"tags":[],"class_list":["post-38588","post","type-post","status-publish","format-standard","has-post-thumbnail","hentry","category-xalapa"],"jetpack_featured_media_url":"https:\/\/encuentroinformativo.com.mx\/wp-content\/uploads\/2023\/03\/Photo_1680126910851.jpg","jetpack_sharing_enabled":true,"jetpack_likes_enabled":true,"amp_enabled":true,"_links":{"self":[{"href":"https:\/\/encuentroinformativo.com.mx\/index.php?rest_route=\/wp\/v2\/posts\/38588","targetHints":{"allow":["GET"]}}],"collection":[{"href":"https:\/\/encuentroinformativo.com.mx\/index.php?rest_route=\/wp\/v2\/posts"}],"about":[{"href":"https:\/\/encuentroinformativo.com.mx\/index.php?rest_route=\/wp\/v2\/types\/post"}],"author":[{"embeddable":true,"href":"https:\/\/encuentroinformativo.com.mx\/index.php?rest_route=\/wp\/v2\/users\/2476"}],"replies":[{"embeddable":true,"href":"https:\/\/encuentroinformativo.com.mx\/index.php?rest_route=%2Fwp%2Fv2%2Fcomments&post=38588"}],"version-history":[{"count":1,"href":"https:\/\/encuentroinformativo.com.mx\/index.php?rest_route=\/wp\/v2\/posts\/38588\/revisions"}],"predecessor-version":[{"id":38592,"href":"https:\/\/encuentroinformativo.com.mx\/index.php?rest_route=\/wp\/v2\/posts\/38588\/revisions\/38592"}],"wp:featuredmedia":[{"embeddable":true,"href":"https:\/\/encuentroinformativo.com.mx\/index.php?rest_route=\/wp\/v2\/media\/38589"}],"wp:attachment":[{"href":"https:\/\/encuentroinformativo.com.mx\/index.php?rest_route=%2Fwp%2Fv2%2Fmedia&parent=38588"}],"wp:term":[{"taxonomy":"category","embeddable":true,"href":"https:\/\/encuentroinformativo.com.mx\/index.php?rest_route=%2Fwp%2Fv2%2Fcategories&post=38588"},{"taxonomy":"post_tag","embeddable":true,"href":"https:\/\/encuentroinformativo.com.mx\/index.php?rest_route=%2Fwp%2Fv2%2Ftags&post=38588"}],"curies":[{"name":"wp","href":"https:\/\/api.w.org\/{rel}","templated":true}]}}